{"id":6298,"date":"2023-10-28T11:15:36","date_gmt":"2023-10-28T09:15:36","guid":{"rendered":"https:\/\/comjib.org\/?p=6298"},"modified":"2024-12-20T17:53:53","modified_gmt":"2024-12-20T16:53:53","slug":"comissao-tecnica-iberred","status":"publish","type":"post","link":"https:\/\/comjib.org\/pt-pt\/comissao-tecnica-iberred\/","title":{"rendered":"Comiss\u00e3o T\u00e9cnica IberRed"},"content":{"rendered":"<p>No dia 05 de outubro de 2023, foi realizada, virtualmente, a reuni\u00e3o da Comiss\u00e3o T\u00e9cnica da Rede Ibero-americana de Coopera\u00e7\u00e3o Jur\u00eddica Internacional (IberRed), que contou com uma representa\u00e7\u00e3o da Associa\u00e7\u00e3o Ibero-americana de Minist\u00e9rios P\u00fablicos (AIAMP), a Confer\u00eancia de Ministros da Justi\u00e7a dos Pa\u00edses Ibero-americanos (COMJIB) e a C\u00fapula Judicial Ibero-americana, al\u00e9m dos representantes de uma Assist\u00eancia Tecnica de apoio \u00e0 IberRed e Iber@,<\/p>\n<p>Um dos principais temas do encontro foi a adequa\u00e7\u00e3o dos usu\u00e1rios da Iber@ conforme as caracter\u00edsticas da IberRed (coopera\u00e7\u00e3o complementaria e usu\u00e1rios nominais) e do Tratado de Medellin (coopera\u00e7\u00e3o formal e usu\u00e1rios de autoridades centrais). Foi apresentada tamb\u00e9m, uma nova lista de mat\u00e9rias de Pontos de Contato e Enlaces\/Liga\u00e7\u00f5es, segundo a qual ser\u00e1 redesenhado o buscador na Plataforma Iber@ para facilitar o trabalho de seus usu\u00e1rios.<\/p>\n<p>Da mesma forma, foi discutida a proposta de que a plataforma Iber@ sirva para criar uma Rede de redes, na qual os pontos de contato e enlaces\/liga\u00e7\u00f5es possam fazer consultas com os pontos de contatos das outras redes inclu\u00eddas na plataforma. A proposta foi aceita pela Comiss\u00e3o Tecnica e ser\u00e1 submetida \u00e0 considera\u00e7\u00e3o da Comiss\u00e3o Executiva.<\/p>\n<p>Tamb\u00e9m foi discutida a prepara\u00e7\u00e3o da Reuni\u00e3o de Pontos de Contato em Mat\u00e9ria Civil, que ser\u00e1 organizada os dias 14 y 15 de dezembro no Chile de forma presencial, como aconteceu nos anos anteriores \u00e0 pandemia do COVID-19. A reuni\u00e3o de Pontos de Contato em Mat\u00e9ria Penal ser\u00e1 realizada no in\u00edcio de 2024, ano no qual a IberRed celebrar\u00e1 20 anos desde sua funda\u00e7\u00e3o em Cartagena de Indias em 2004.<\/p>\n<p>Durante o encontro, foi tamb\u00e9m debatida uma proposta de Plano de Trabalho 2023-2024 de IberRed, tanto como a proposta de <em>Declara\u00e7\u00e3o de criminalidade emergente no contexto de crises sanit\u00e1rias <\/em>e foi solicitado apoio para sua aprova\u00e7\u00e3o pela AIAMP, a C\u00fapula Judicial Ibero-americana e a COMJIB.<\/p>\n<p><a href=\"\/wp-content\/uploads\/2023\/10\/IberRed-Comissao-Tecnica-Ata-da-reuniao-051023-PT.pdf\" target=\"_blank\" rel=\"noopener noreferrer\">IberRed. Comiss\u00e3o T\u00e9cnica. Ata da reuni\u00e3o 051023 PT <img loading=\"lazy\" decoding=\"async\" class=\"alignnone size-full wp-image-1084\" src=\"https:\/\/comjib.org\/wp-content\/uploads\/2016\/12\/pdficon.png\" alt=\"\" width=\"30\" height=\"30\" \/><\/a><\/p>\n<p>&nbsp;<\/p>\n<p><strong><u>IberRed Technical Commission<\/u><\/strong><\/p>\n<p>On October 5, 2023, a virtual meeting of the Technical Commission of the Ibero-American Network for International Legal Cooperation (IberRed) was held, with representatives of the Ibero-American Association of Public Prosecutors (AIAMP), the Conference of Ministers of Justice of Ibero-American Countries (COMJIB) and the Ibero-American Judicial Summit, as well as representatives of a Technical Assistance to support IberRed and Iber@.<\/p>\n<p>One of the main topics of the meeting was the adaptation of Iber@ users according to the characteristics of IberRed (complementary cooperation and nominal users) and the Treaty of Medell\u00edn (formal cooperation and users of central authorities). A new list of topics for Contact Points and Links was also reported, according to which the search engine on the Iber@ Platform will be redesigned to facilitate the work of its users.<\/p>\n<p>Likewise, the proposal that the Iber@ platform serve to create a Network of networks was discussed, in which the contact points and links of IberRed cwould be able to make consultations with the contact points of the other networks included in the platform. The proposal was accepted by the Technical Commission and will be submitted to the Executive Commission for consideration.<\/p>\n<p>The preparation of the Meeting of Contact Points in Civil Matters was also discussed, which will be organized on 14th and 15th of December 2023 in Chile, in-person, as occurred in the years prior to the COVID19 pandemic. The Meeting of Contact Points in Criminal Matters will be held at the beginning of 2024, year in which IberRed will celebrate 20 years since its founding in Cartagena de Indias in 2004.<\/p>\n<p>During the meeting, a proposal for IberRed&#8217;s 2023-2024 Work Plan was also debated, as well as the proposed <em>Declaration of emerging crime in the context of health crises<\/em>, and support was requested for its approval by the AIAMP, the Ibero-American Judicial Summit. and COMJIB.<\/p>\n<p>&nbsp;<\/p>\n","protected":false},"excerpt":{"rendered":"<p>No dia 05 de outubro de 2023, foi realizada, virtualmente, a reuni\u00e3o da Comiss\u00e3o T\u00e9cnica da Rede Ibero-americana de Coopera\u00e7\u00e3o Jur\u00eddica Internacional (IberRed), que contou com uma representa\u00e7\u00e3o da Associa\u00e7\u00e3o Ibero-americana de Minist\u00e9rios P\u00fablicos (AIAMP), a Confer\u00eancia de Ministros da Justi\u00e7a dos Pa\u00edses Ibero-americanos (COMJIB) e a C\u00fapula Judicial Ibero-americana, al\u00e9m dos representantes de uma [&hellip;]<\/p>\n","protected":false},"author":34415,"featured_media":5824,"comment_status":"closed","ping_status":"closed","sticky":false,"template":"","format":"standard","meta":{"_et_pb_use_builder":"","_et_pb_old_content":"","_et_gb_content_width":"","footnotes":""},"categories":[116],"tags":[117],"class_list":["post-6298","post","type-post","status-publish","format-standard","has-post-thumbnail","hentry","category-noticias-pt-pt-pt","tag-noticias-pt-pt-pt"],"_links":{"self":[{"href":"https:\/\/comjib.org\/pt-pt\/wp-json\/wp\/v2\/posts\/6298","targetHints":{"allow":["GET"]}}],"collection":[{"href":"https:\/\/comjib.org\/pt-pt\/wp-json\/wp\/v2\/posts"}],"about":[{"href":"https:\/\/comjib.org\/pt-pt\/wp-json\/wp\/v2\/types\/post"}],"author":[{"embeddable":true,"href":"https:\/\/comjib.org\/pt-pt\/wp-json\/wp\/v2\/users\/34415"}],"replies":[{"embeddable":true,"href":"https:\/\/comjib.org\/pt-pt\/wp-json\/wp\/v2\/comments?post=6298"}],"version-history":[{"count":1,"href":"https:\/\/comjib.org\/pt-pt\/wp-json\/wp\/v2\/posts\/6298\/revisions"}],"predecessor-version":[{"id":6299,"href":"https:\/\/comjib.org\/pt-pt\/wp-json\/wp\/v2\/posts\/6298\/revisions\/6299"}],"wp:featuredmedia":[{"embeddable":true,"href":"https:\/\/comjib.org\/pt-pt\/wp-json\/wp\/v2\/media\/5824"}],"wp:attachment":[{"href":"https:\/\/comjib.org\/pt-pt\/wp-json\/wp\/v2\/media?parent=6298"}],"wp:term":[{"taxonomy":"category","embeddable":true,"href":"https:\/\/comjib.org\/pt-pt\/wp-json\/wp\/v2\/categories?post=6298"},{"taxonomy":"post_tag","embeddable":true,"href":"https:\/\/comjib.org\/pt-pt\/wp-json\/wp\/v2\/tags?post=6298"}],"curies":[{"name":"wp","href":"https:\/\/api.w.org\/{rel}","templated":true}]}}