{"id":6294,"date":"2023-10-28T11:20:52","date_gmt":"2023-10-28T09:20:52","guid":{"rendered":"https:\/\/comjib.org\/?p=6294"},"modified":"2024-12-20T17:52:15","modified_gmt":"2024-12-20T16:52:15","slug":"visita-da-comjib-a-colombia","status":"publish","type":"post","link":"https:\/\/comjib.org\/pt-pt\/visita-da-comjib-a-colombia\/","title":{"rendered":"Visita da COMJIB \u00e0 Col\u00f4mbia"},"content":{"rendered":"<p>O Secret\u00e1rio-Geral da COMJIB, Enrique Gil Botero, foi recebido pelo Ministro da Justi\u00e7a e do Direito, N\u00e9stor Iv\u00e1n Osuna Pati\u00f1o, para abordar a ratifica\u00e7\u00e3o do Tratado de Medellin pela Col\u00f4mbia e iniciar os preparativos das pr\u00f3ximas reuni\u00f5es das linhas de trabalho de Acesso \u00e0 Justi\u00e7a e Igualdade de G\u00eanero que ser\u00e3o realizadas em Bogot\u00e1 nos dias 1, 12 e 13 de dezembro.<\/p>\n<p>Durante a sua miss\u00e3o na Col\u00f4mbia, Enrique Gil Botero tamb\u00e9m se reuniu com a Sala Plena do Conselho Superior da Judicatura da Col\u00f4mbia e o seu presidente, Aurelio Enrique Rodr\u00edguez Guzm\u00e1n, para potencializar o uso da IberRed e da Plataforma Iber@ pelo poder judicial.<\/p>\n<p>Da mesma forma, a COMJIB assinou com a Jurisdi\u00e7\u00e3o Especial para a Paz (JEP) uma Conven\u00e7\u00e3o Marco de Colabora\u00e7\u00e3o para promover o trabalho conjunto em mat\u00e9ria de investiga\u00e7\u00e3o, publica\u00e7\u00f5es e moderniza\u00e7\u00e3o tecnol\u00f3gica da gest\u00e3o judicial.<\/p>\n<p>Al\u00e9m disso, o Secret\u00e1rio-Geral realizou uma reuni\u00e3o com Jorge Villegas Betancur, Secret\u00e1rio-Geral da C\u00e2mara de Comercio de Medellin, para estabelecer mecanismos de colabora\u00e7\u00e3o orientados a fortalecer a seguran\u00e7a jur\u00eddica em mat\u00e9ria comercial e de investimento no espa\u00e7o jur\u00eddico ibero-americano.<\/p>\n<p>Por \u00faltimo, Enrique Gil Botero visitou a Delega\u00e7\u00e3o da Uni\u00e3o Europeia, para o acompanhamento das diferentes atividades da Confer\u00eancia nos Programas da Comiss\u00e3o e o interesse demonstrado pelos pa\u00edses membros da UE no Tratado de Medellin.<\/p>\n","protected":false},"excerpt":{"rendered":"<p>O Secret\u00e1rio-Geral da COMJIB, Enrique Gil Botero, foi recebido pelo Ministro da Justi\u00e7a e do Direito, N\u00e9stor Iv\u00e1n Osuna Pati\u00f1o, para abordar a ratifica\u00e7\u00e3o do Tratado de Medellin pela Col\u00f4mbia e iniciar os preparativos das pr\u00f3ximas reuni\u00f5es das linhas de trabalho de Acesso \u00e0 Justi\u00e7a e Igualdade de G\u00eanero que ser\u00e3o realizadas em Bogot\u00e1 nos [&hellip;]<\/p>\n","protected":false},"author":34415,"featured_media":5825,"comment_status":"closed","ping_status":"closed","sticky":false,"template":"","format":"standard","meta":{"_et_pb_use_builder":"","_et_pb_old_content":"","_et_gb_content_width":"","footnotes":""},"categories":[116],"tags":[117],"class_list":["post-6294","post","type-post","status-publish","format-standard","has-post-thumbnail","hentry","category-noticias-pt-pt-pt","tag-noticias-pt-pt-pt"],"_links":{"self":[{"href":"https:\/\/comjib.org\/pt-pt\/wp-json\/wp\/v2\/posts\/6294","targetHints":{"allow":["GET"]}}],"collection":[{"href":"https:\/\/comjib.org\/pt-pt\/wp-json\/wp\/v2\/posts"}],"about":[{"href":"https:\/\/comjib.org\/pt-pt\/wp-json\/wp\/v2\/types\/post"}],"author":[{"embeddable":true,"href":"https:\/\/comjib.org\/pt-pt\/wp-json\/wp\/v2\/users\/34415"}],"replies":[{"embeddable":true,"href":"https:\/\/comjib.org\/pt-pt\/wp-json\/wp\/v2\/comments?post=6294"}],"version-history":[{"count":1,"href":"https:\/\/comjib.org\/pt-pt\/wp-json\/wp\/v2\/posts\/6294\/revisions"}],"predecessor-version":[{"id":6295,"href":"https:\/\/comjib.org\/pt-pt\/wp-json\/wp\/v2\/posts\/6294\/revisions\/6295"}],"wp:featuredmedia":[{"embeddable":true,"href":"https:\/\/comjib.org\/pt-pt\/wp-json\/wp\/v2\/media\/5825"}],"wp:attachment":[{"href":"https:\/\/comjib.org\/pt-pt\/wp-json\/wp\/v2\/media?parent=6294"}],"wp:term":[{"taxonomy":"category","embeddable":true,"href":"https:\/\/comjib.org\/pt-pt\/wp-json\/wp\/v2\/categories?post=6294"},{"taxonomy":"post_tag","embeddable":true,"href":"https:\/\/comjib.org\/pt-pt\/wp-json\/wp\/v2\/tags?post=6294"}],"curies":[{"name":"wp","href":"https:\/\/api.w.org\/{rel}","templated":true}]}}