{"id":6290,"date":"2023-11-16T10:47:53","date_gmt":"2023-11-16T09:47:53","guid":{"rendered":"https:\/\/comjib.org\/?p=6290"},"modified":"2024-12-20T16:49:36","modified_gmt":"2024-12-20T15:49:36","slug":"acesso-a-justica-na-ibero-america-o-olhar-de-os-e-as-processualistas","status":"publish","type":"post","link":"https:\/\/comjib.org\/pt-pt\/acesso-a-justica-na-ibero-america-o-olhar-de-os-e-as-processualistas\/","title":{"rendered":"Acesso \u00e0 Justi\u00e7a na Ibero-am\u00e9rica: o olhar de os e as processualistas"},"content":{"rendered":"<p>A Confer\u00eancia de Ministros da Justi\u00e7a dos Pa\u00edses Ibero-americanos (COMJIB) e o Instituto Ibero-americano de Direito Processual (IIDP) convidam a participar no semin\u00e1rio virtual que contar\u00e1 com a participa\u00e7\u00e3o de destacados e destacadas processualistas ibero-americanos\/as. Os convidados trocar\u00e3o reflex\u00f5es sobre as principais barreiras do Acesso \u00e0 Justi\u00e7a nos processos judiciais da Iberoam\u00e9rica, bem como sobre as inova\u00e7\u00f5es que surgem do Direito Processual para dar respostas a essa problem\u00e1tica.<\/p>\n<p>Atualmente, consolidou-se um amplo conceito de Acesso \u00e0 Justi\u00e7a que considera todas as pol\u00edticas p\u00fablicas de Acesso \u00e0 Justi\u00e7a, incluindo os mecanismos de informa\u00e7\u00e3o e orienta\u00e7\u00e3o em direitos, os mecanismos colaborativos de solu\u00e7\u00e3o de conflitos, a justi\u00e7a das comunidades ind\u00edgenas e, como n\u00e3o poderia deixar de ser, processos jurisdicionais.<\/p>\n<p>Portanto, ser\u00e3o assuntos de interesse para essa conversa a oraliza\u00e7\u00e3o dos processos, a simplifica\u00e7\u00e3o processual, os procedimentos sum\u00e1rios ou de pequenas causas, a assist\u00eancia jur\u00eddica, os processos coletivos, o direito ao recurso, o direito \u00e0 execu\u00e7\u00e3o de senten\u00e7as, a linguagem clara e outras institui\u00e7\u00f5es vinculadas aos processos judiciais que pudessem afetar ao Acesso \u00e0 Justi\u00e7a.<\/p>\n<p>O semin\u00e1rio ser\u00e1 realizado no dia 29 de novembro e voc\u00ea poder\u00e1 acompanha-lo atrav\u00e9s do nosso canal no Youtube:<\/p>\n<p><a href=\"https:\/\/www.youtube.com\/channel\/UCThUpsAQhAk2m2L9ET0BZUQ\" target=\"_blank\" rel=\"noopener noreferrer\"><u>YouTube COMJIB <\/u><\/a><\/p>\n<p>Fa\u00e7a download da agenda aqui:<\/p>\n<p><a href=\"\/wp-content\/uploads\/2023\/11\/Semin\u00e1rio-virtual.-Acesso-\u00e0-Justi\u00e7a-na-Ibero-Am\u00e9rica.pdf\" target=\"_blank\" rel=\"noopener noreferrer\"><u>Agenda<\/u><\/a><\/p>\n","protected":false},"excerpt":{"rendered":"<p>A Confer\u00eancia de Ministros da Justi\u00e7a dos Pa\u00edses Ibero-americanos (COMJIB) e o Instituto Ibero-americano de Direito Processual (IIDP) convidam a participar no semin\u00e1rio virtual que contar\u00e1 com a participa\u00e7\u00e3o de destacados e destacadas processualistas ibero-americanos\/as. Os convidados trocar\u00e3o reflex\u00f5es sobre as principais barreiras do Acesso \u00e0 Justi\u00e7a nos processos judiciais da Iberoam\u00e9rica, bem como sobre [&hellip;]<\/p>\n","protected":false},"author":34415,"featured_media":5828,"comment_status":"closed","ping_status":"closed","sticky":false,"template":"","format":"standard","meta":{"_et_pb_use_builder":"","_et_pb_old_content":"","_et_gb_content_width":"","footnotes":""},"categories":[116],"tags":[117],"class_list":["post-6290","post","type-post","status-publish","format-standard","has-post-thumbnail","hentry","category-noticias-pt-pt-pt","tag-noticias-pt-pt-pt"],"_links":{"self":[{"href":"https:\/\/comjib.org\/pt-pt\/wp-json\/wp\/v2\/posts\/6290","targetHints":{"allow":["GET"]}}],"collection":[{"href":"https:\/\/comjib.org\/pt-pt\/wp-json\/wp\/v2\/posts"}],"about":[{"href":"https:\/\/comjib.org\/pt-pt\/wp-json\/wp\/v2\/types\/post"}],"author":[{"embeddable":true,"href":"https:\/\/comjib.org\/pt-pt\/wp-json\/wp\/v2\/users\/34415"}],"replies":[{"embeddable":true,"href":"https:\/\/comjib.org\/pt-pt\/wp-json\/wp\/v2\/comments?post=6290"}],"version-history":[{"count":1,"href":"https:\/\/comjib.org\/pt-pt\/wp-json\/wp\/v2\/posts\/6290\/revisions"}],"predecessor-version":[{"id":6291,"href":"https:\/\/comjib.org\/pt-pt\/wp-json\/wp\/v2\/posts\/6290\/revisions\/6291"}],"wp:featuredmedia":[{"embeddable":true,"href":"https:\/\/comjib.org\/pt-pt\/wp-json\/wp\/v2\/media\/5828"}],"wp:attachment":[{"href":"https:\/\/comjib.org\/pt-pt\/wp-json\/wp\/v2\/media?parent=6290"}],"wp:term":[{"taxonomy":"category","embeddable":true,"href":"https:\/\/comjib.org\/pt-pt\/wp-json\/wp\/v2\/categories?post=6290"},{"taxonomy":"post_tag","embeddable":true,"href":"https:\/\/comjib.org\/pt-pt\/wp-json\/wp\/v2\/tags?post=6290"}],"curies":[{"name":"wp","href":"https:\/\/api.w.org\/{rel}","templated":true}]}}