{"id":6286,"date":"2023-11-16T10:54:53","date_gmt":"2023-11-16T09:54:53","guid":{"rendered":"https:\/\/comjib.org\/?p=6286"},"modified":"2024-12-20T16:47:32","modified_gmt":"2024-12-20T15:47:32","slug":"reuniao-de-pontos-de-contato-de-iberred-em-materia-civil","status":"publish","type":"post","link":"https:\/\/comjib.org\/pt-pt\/reuniao-de-pontos-de-contato-de-iberred-em-materia-civil\/","title":{"rendered":"Reuni\u00e3o de Pontos de Contato de IberRed em mat\u00e9ria civil"},"content":{"rendered":"<p>Nos dias 14 e 15 de dezembro, em Santiago do Chile, ser\u00e1 realizada a reuni\u00e3o presencial de Pontos de Contatos e Liga\u00e7\u00f5es da IberRed em mat\u00e9ria civil, retomando assim as reuni\u00f5es anuais da Rede interrompidas pela recente pandemia.<\/p>\n<p>A Rede Ibero-americana de Coopera\u00e7\u00e3o Jur\u00eddica Internacional (IberRed), que completa 20 anos no pr\u00f3ximo ano, \u00e9 o motor da coopera\u00e7\u00e3o jur\u00eddica em Ibero-Am\u00e9rica.\u00a0 A sua plataforma de comunica\u00e7\u00e3o Iber@ promove a troca de informa\u00e7\u00e3o, as melhores pr\u00e1ticas e a assist\u00eancia m\u00fatua, com o objetivo de garantir uma justi\u00e7a eficiente, equitativa e eficaz, tanto em mat\u00e9ria penal como civil.<\/p>\n<p>A IberRed \u00e9 composta por membros da AIAMP (Minist\u00e9rios P\u00fablicos) da COMJIB (Minist\u00e9rios da Justi\u00e7a) e da C\u00fapula Judicial Ibero-americana (Supremas Cortes), al\u00e9m de outras institui\u00e7\u00f5es que s\u00e3o Autoridades Centrais de tratados de coopera\u00e7\u00e3o internacional. Neste cen\u00e1rio de coopera\u00e7\u00e3o entre pares, o fator confian\u00e7a tem um grande peso, por isso que este encontro presencial, realizado com o apoio financeiro da Cooperaci\u00f3n Espa\u00f1ola e coorganizado com o Minist\u00e9rio da Justi\u00e7a e Direitos Humanos do Chile, \u00e9 de extrema import\u00e2ncia para a regi\u00e3o. Este ano, a reuni\u00e3o ter\u00e1 como foco a tem\u00e1tica das obriga\u00e7\u00f5es alimentares.<\/p>\n<p>Se trabalha na coopera\u00e7\u00e3o jur\u00eddica internacional em mat\u00e9ria civil para uma institui\u00e7\u00e3o membro da IberRed, ou para uma Autoridade Central, pode inscrever-se no evento atrav\u00e9s do seguinte link:<\/p>\n<p><a href=\"https:\/\/forms.office.com\/Pages\/ResponsePage.aspx?id=xsjt8Cr0mkqb4KYTcLFO1rD5PNT3yk5AobKiVGq5GMVUNElCQjY2QTJHWE9LSlk5QkZXVzNTT04zNC4u\" target=\"_blank\" rel=\"noopener noreferrer\">https:\/\/forms.office.com\/Pages\/ResponsePage.aspx?id=xsjt8Cr0mkqb4KYTcLFO1rD5PNT3yk5AobKiVGq5GMVUNElCQjY2QTJHWE9LSlk5QkZXVzNTT04zNC4u<\/a><\/p>\n<p><a href=\"\/wp-content\/uploads\/2023\/11\/Agenda.-Reuni\u00e3o-dos-Pontos-de-Contacto-IberRED-em-mat\u00e9ria-civil.-14-15.12.2023-Chile.pdf\" target=\"_blank\" rel=\"noopener noreferrer\">Agenda<\/a><\/p>\n<p><a href=\"\/wp-content\/uploads\/2023\/11\/Reuni\u00e3o-de-Pontos-de-Contato-e-Liga\u00e7\u00f5es-de-IberRed-em-mat\u00e9ria-civil.-14-15.12.2023-Chile.-Manual-operacional.pdf\" target=\"_blank\" rel=\"noopener noreferrer\">Manual log\u00edstico<\/a><\/p>\n","protected":false},"excerpt":{"rendered":"<p>Nos dias 14 e 15 de dezembro, em Santiago do Chile, ser\u00e1 realizada a reuni\u00e3o presencial de Pontos de Contatos e Liga\u00e7\u00f5es da IberRed em mat\u00e9ria civil, retomando assim as reuni\u00f5es anuais da Rede interrompidas pela recente pandemia. A Rede Ibero-americana de Coopera\u00e7\u00e3o Jur\u00eddica Internacional (IberRed), que completa 20 anos no pr\u00f3ximo ano, \u00e9 o [&hellip;]<\/p>\n","protected":false},"author":34415,"featured_media":5833,"comment_status":"closed","ping_status":"closed","sticky":false,"template":"","format":"standard","meta":{"_et_pb_use_builder":"","_et_pb_old_content":"","_et_gb_content_width":"","footnotes":""},"categories":[116],"tags":[117],"class_list":["post-6286","post","type-post","status-publish","format-standard","has-post-thumbnail","hentry","category-noticias-pt-pt-pt","tag-noticias-pt-pt-pt"],"_links":{"self":[{"href":"https:\/\/comjib.org\/pt-pt\/wp-json\/wp\/v2\/posts\/6286","targetHints":{"allow":["GET"]}}],"collection":[{"href":"https:\/\/comjib.org\/pt-pt\/wp-json\/wp\/v2\/posts"}],"about":[{"href":"https:\/\/comjib.org\/pt-pt\/wp-json\/wp\/v2\/types\/post"}],"author":[{"embeddable":true,"href":"https:\/\/comjib.org\/pt-pt\/wp-json\/wp\/v2\/users\/34415"}],"replies":[{"embeddable":true,"href":"https:\/\/comjib.org\/pt-pt\/wp-json\/wp\/v2\/comments?post=6286"}],"version-history":[{"count":1,"href":"https:\/\/comjib.org\/pt-pt\/wp-json\/wp\/v2\/posts\/6286\/revisions"}],"predecessor-version":[{"id":6287,"href":"https:\/\/comjib.org\/pt-pt\/wp-json\/wp\/v2\/posts\/6286\/revisions\/6287"}],"wp:featuredmedia":[{"embeddable":true,"href":"https:\/\/comjib.org\/pt-pt\/wp-json\/wp\/v2\/media\/5833"}],"wp:attachment":[{"href":"https:\/\/comjib.org\/pt-pt\/wp-json\/wp\/v2\/media?parent=6286"}],"wp:term":[{"taxonomy":"category","embeddable":true,"href":"https:\/\/comjib.org\/pt-pt\/wp-json\/wp\/v2\/categories?post=6286"},{"taxonomy":"post_tag","embeddable":true,"href":"https:\/\/comjib.org\/pt-pt\/wp-json\/wp\/v2\/tags?post=6286"}],"curies":[{"name":"wp","href":"https:\/\/api.w.org\/{rel}","templated":true}]}}