{"id":6283,"date":"2023-11-28T11:05:42","date_gmt":"2023-11-28T10:05:42","guid":{"rendered":"https:\/\/comjib.org\/?p=6283"},"modified":"2024-12-20T16:44:15","modified_gmt":"2024-12-20T15:44:15","slug":"dia-internacional-para-a-eliminacao-da-violencia-contra-as-mulheres","status":"publish","type":"post","link":"https:\/\/comjib.org\/pt-pt\/dia-internacional-para-a-eliminacao-da-violencia-contra-as-mulheres\/","title":{"rendered":"Dia Internacional para a Elimina\u00e7\u00e3o da Viol\u00eancia contra as Mulheres"},"content":{"rendered":"<p>Os Organismos Ibero-americanos reafirmamos nosso compromisso de trabalhar em conjunto e de forma decisiva para promover as pol\u00edticas p\u00fablicas que garantam a plena autonomia das mulheres, livre da viol\u00eancia por raz\u00e3o do g\u00eanero.<\/p>\n<p>Instamos todos os pa\u00edses Ibero-americanos a adotar planos integrais para acabar com a cultura da viol\u00eancia contra as mulheres, em todos os \u00e2mbitos, e impulsionar pol\u00edticas inclusivas, fortalecendo os mecanismos de prote\u00e7\u00e3o e preven\u00e7\u00e3o, bem como implementar pol\u00edticas educativas em favor de uma cultura de respeito e igualdade entre homens e mulheres.<\/p>\n<p>Os Organismos Ibero-americanos unimos nossos esfor\u00e7os para procurar uma mudan\u00e7a profunda nas nossas sociedades que permita acabar com a cultura da viol\u00eancia contra as mulheres, que mina os princ\u00edpios fundamentais em que se baseiam nossas democracias.<\/p>\n<p>Neste 25 de novembro, Dia Internacional da Elimina\u00e7\u00e3o da Viol\u00eancia contra as Mulheres, levantamos a voz como frente unida contra a viol\u00eancia machista, partilhando com Na\u00e7\u00f5es Unidas a convic\u00e7\u00e3o de que proteger as mulheres e as meninas n\u00e3o \u00e9 um gasto, \u00e9 um investimento\u201d.<\/p>\n<p>Na COMJIB promovemos a elimina\u00e7\u00e3o de todos os tipos de viol\u00eancia contra as mulheres. Entre outras a\u00e7\u00f5es para facilitar o acesso das mulheres \u00e0 justi\u00e7a, durante 2024 implementaremos um curso virtual sobre preven\u00e7\u00e3o e atendimento \u00e0s v\u00edtimas e sobreviventes da viol\u00eancia de g\u00eanero, dirigido a funcion\u00e1rios das institui\u00e7\u00f5es integrantes da COMJIB.<\/p>\n<p>O curso ter\u00e1 in\u00edcio no dia 1\u00ba de fevereiro e t\u00e9rmino no dia 29 de maio de 2024. Tem dura\u00e7\u00e3o de 50 horas e ser\u00e1 desenvolvido remotamente com sess\u00f5es s\u00edncronas e ass\u00edncronas.<\/p>\n","protected":false},"excerpt":{"rendered":"<p>Os Organismos Ibero-americanos reafirmamos nosso compromisso de trabalhar em conjunto e de forma decisiva para promover as pol\u00edticas p\u00fablicas que garantam a plena autonomia das mulheres, livre da viol\u00eancia por raz\u00e3o do g\u00eanero. Instamos todos os pa\u00edses Ibero-americanos a adotar planos integrais para acabar com a cultura da viol\u00eancia contra as mulheres, em todos os [&hellip;]<\/p>\n","protected":false},"author":34415,"featured_media":5834,"comment_status":"closed","ping_status":"closed","sticky":false,"template":"","format":"standard","meta":{"_et_pb_use_builder":"","_et_pb_old_content":"","_et_gb_content_width":"","footnotes":""},"categories":[116],"tags":[117],"class_list":["post-6283","post","type-post","status-publish","format-standard","has-post-thumbnail","hentry","category-noticias-pt-pt-pt","tag-noticias-pt-pt-pt"],"_links":{"self":[{"href":"https:\/\/comjib.org\/pt-pt\/wp-json\/wp\/v2\/posts\/6283","targetHints":{"allow":["GET"]}}],"collection":[{"href":"https:\/\/comjib.org\/pt-pt\/wp-json\/wp\/v2\/posts"}],"about":[{"href":"https:\/\/comjib.org\/pt-pt\/wp-json\/wp\/v2\/types\/post"}],"author":[{"embeddable":true,"href":"https:\/\/comjib.org\/pt-pt\/wp-json\/wp\/v2\/users\/34415"}],"replies":[{"embeddable":true,"href":"https:\/\/comjib.org\/pt-pt\/wp-json\/wp\/v2\/comments?post=6283"}],"version-history":[{"count":1,"href":"https:\/\/comjib.org\/pt-pt\/wp-json\/wp\/v2\/posts\/6283\/revisions"}],"predecessor-version":[{"id":6284,"href":"https:\/\/comjib.org\/pt-pt\/wp-json\/wp\/v2\/posts\/6283\/revisions\/6284"}],"wp:featuredmedia":[{"embeddable":true,"href":"https:\/\/comjib.org\/pt-pt\/wp-json\/wp\/v2\/media\/5834"}],"wp:attachment":[{"href":"https:\/\/comjib.org\/pt-pt\/wp-json\/wp\/v2\/media?parent=6283"}],"wp:term":[{"taxonomy":"category","embeddable":true,"href":"https:\/\/comjib.org\/pt-pt\/wp-json\/wp\/v2\/categories?post=6283"},{"taxonomy":"post_tag","embeddable":true,"href":"https:\/\/comjib.org\/pt-pt\/wp-json\/wp\/v2\/tags?post=6283"}],"curies":[{"name":"wp","href":"https:\/\/api.w.org\/{rel}","templated":true}]}}