{"id":6279,"date":"2023-12-12T10:38:44","date_gmt":"2023-12-12T09:38:44","guid":{"rendered":"https:\/\/comjib.org\/?p=6279"},"modified":"2024-12-20T16:41:54","modified_gmt":"2024-12-20T15:41:54","slug":"acordo-ibero-americano-sobre-acesso-a-justica-lancamento-do-rascunho","status":"publish","type":"post","link":"https:\/\/comjib.org\/pt-pt\/acordo-ibero-americano-sobre-acesso-a-justica-lancamento-do-rascunho\/","title":{"rendered":"Acordo Ibero-Americano sobre Acesso \u00e0 Justi\u00e7a. Lan\u00e7amento do rascunho"},"content":{"rendered":"<p>Na quinta-feira, 21 de dezembro de 2023, \u00e0s 16h00 Madrid (12h00 BsAs, 10h00 Bogot\u00e1 e SP, 9h00 M\u00e9xico), ter\u00e1 lugar o lan\u00e7amento p\u00fablico &#8211; atrav\u00e9s de um semin\u00e1rio virtual &#8211; do primeiro rascunho oficial do Acordo Ibero-Americano sobre Acesso \u00e0 Justi\u00e7a (CIAJ). Iniciaremos um processo coletivo e colaborativo em toda a regi\u00e3o, para a prepara\u00e7\u00e3o daquele que ser\u00e1 o primeiro tratado abrangente sobre o acesso \u00e0 justi\u00e7a a n\u00edvel internacional.<\/p>\n<p>Esperamos contar com a participa\u00e7\u00e3o de funcion\u00e1rios dos poderes executivo e judici\u00e1rio dos diferentes pa\u00edses latino-americanos, bem como de representantes do mundo acad\u00eamico e de organiza\u00e7\u00f5es da sociedade civil.<\/p>\n<p>Na COMJIB, organiza\u00e7\u00e3o que re\u00fane os Minist\u00e9rios da Justi\u00e7a e entidades an\u00e1logas de 22 pa\u00edses da Am\u00e9rica Latina e da Pen\u00ednsula Ib\u00e9rica, entendemos que esta \u00e9 uma oportunidade hist\u00f3rica: pela primeira vez, v\u00e1rios atores-chave de numerosos pa\u00edses ir\u00e3o debater o conte\u00fado de um abrangente acordo, cujo objetivo \u00e9 construir e aprimorar mecanismos que permitam a efetividade do acesso aos direitos em nossas comunidades.<\/p>\n<p>O semin\u00e1rio que realizaremos ser\u00e1 composto por dois blocos: \u201cEvolu\u00e7\u00e3o do patrim\u00f4nio judici\u00e1rio ibero-americano: das Regras de Bras\u00edlia ao Acordo Ibero-americano de Acesso \u00e0 Justi\u00e7a\u201d e \u201cConversa birregional: a contribui\u00e7\u00e3o do Acordo Ibero-Americano sobre Acesso \u00e0 Justi\u00e7a na constru\u00e7\u00e3o de sociedades pac\u00edficas, justas e inclusivas\u201d.<\/p>\n<p>Trabalhamos para que este seja o in\u00edcio de uma nova etapa de debate aberto, transparente, amplo e informado, para que os pa\u00edses da Am\u00e9rica Latina tenham um marco regulat\u00f3rio vinculativo e inovador em rela\u00e7\u00e3o ao Acesso \u00e0 Justi\u00e7a. <strong>Esperamos contar com a sua participa\u00e7\u00e3o!<\/strong><\/p>\n<p><a href=\"https:\/\/www.youtube.com\/@COMJIBoficial\" target=\"_blank\" rel=\"noopener noreferrer\">Acompanhe o evento aqui.<\/a><\/p>\n<p><a href=\"https:\/\/drive.google.com\/drive\/folders\/1gsLwBHaIKcy4fK_vbRpOiL69vMCiDjR0?usp=sharing\" target=\"_blank\" rel=\"noopener noreferrer\">Consulte aqui o programa do evento e o texto da Conven\u00e7\u00e3o.<\/a><\/p>\n<p><a href=\"https:\/\/forms.office.com\/Pages\/ResponsePage.aspx?id=xsjt8Cr0mkqb4KYTcLFO1rD5PNT3yk5AobKiVGq5GMVUREtHME5ETVhFOEY4TlFMODZaU0pPTE5JUy4u\" target=\"_blank\" rel=\"noopener noreferrer\">Envie-nos os seus coment\u00e1rios sobre o primeiro\u00a0projeto oficial da Conven\u00e7\u00e3o Ibero-Americana de Acesso \u00e0 Justi\u00e7a!<\/a><\/p>\n","protected":false},"excerpt":{"rendered":"<p>Na quinta-feira, 21 de dezembro de 2023, \u00e0s 16h00 Madrid (12h00 BsAs, 10h00 Bogot\u00e1 e SP, 9h00 M\u00e9xico), ter\u00e1 lugar o lan\u00e7amento p\u00fablico &#8211; atrav\u00e9s de um semin\u00e1rio virtual &#8211; do primeiro rascunho oficial do Acordo Ibero-Americano sobre Acesso \u00e0 Justi\u00e7a (CIAJ). Iniciaremos um processo coletivo e colaborativo em toda a regi\u00e3o, para a prepara\u00e7\u00e3o [&hellip;]<\/p>\n","protected":false},"author":34415,"featured_media":5835,"comment_status":"closed","ping_status":"closed","sticky":false,"template":"","format":"standard","meta":{"_et_pb_use_builder":"","_et_pb_old_content":"","_et_gb_content_width":"","footnotes":""},"categories":[116],"tags":[117],"class_list":["post-6279","post","type-post","status-publish","format-standard","has-post-thumbnail","hentry","category-noticias-pt-pt-pt","tag-noticias-pt-pt-pt"],"_links":{"self":[{"href":"https:\/\/comjib.org\/pt-pt\/wp-json\/wp\/v2\/posts\/6279","targetHints":{"allow":["GET"]}}],"collection":[{"href":"https:\/\/comjib.org\/pt-pt\/wp-json\/wp\/v2\/posts"}],"about":[{"href":"https:\/\/comjib.org\/pt-pt\/wp-json\/wp\/v2\/types\/post"}],"author":[{"embeddable":true,"href":"https:\/\/comjib.org\/pt-pt\/wp-json\/wp\/v2\/users\/34415"}],"replies":[{"embeddable":true,"href":"https:\/\/comjib.org\/pt-pt\/wp-json\/wp\/v2\/comments?post=6279"}],"version-history":[{"count":1,"href":"https:\/\/comjib.org\/pt-pt\/wp-json\/wp\/v2\/posts\/6279\/revisions"}],"predecessor-version":[{"id":6280,"href":"https:\/\/comjib.org\/pt-pt\/wp-json\/wp\/v2\/posts\/6279\/revisions\/6280"}],"wp:featuredmedia":[{"embeddable":true,"href":"https:\/\/comjib.org\/pt-pt\/wp-json\/wp\/v2\/media\/5835"}],"wp:attachment":[{"href":"https:\/\/comjib.org\/pt-pt\/wp-json\/wp\/v2\/media?parent=6279"}],"wp:term":[{"taxonomy":"category","embeddable":true,"href":"https:\/\/comjib.org\/pt-pt\/wp-json\/wp\/v2\/categories?post=6279"},{"taxonomy":"post_tag","embeddable":true,"href":"https:\/\/comjib.org\/pt-pt\/wp-json\/wp\/v2\/tags?post=6279"}],"curies":[{"name":"wp","href":"https:\/\/api.w.org\/{rel}","templated":true}]}}