{"id":6275,"date":"2023-12-14T16:52:06","date_gmt":"2023-12-14T15:52:06","guid":{"rendered":"https:\/\/comjib.org\/?p=6275"},"modified":"2024-12-20T16:39:25","modified_gmt":"2024-12-20T15:39:25","slug":"portugal-o-sexto-pais-a-ratificar-o-tratado-de-medellin","status":"publish","type":"post","link":"https:\/\/comjib.org\/pt-pt\/portugal-o-sexto-pais-a-ratificar-o-tratado-de-medellin\/","title":{"rendered":"Portugal \u2013 o sexto pa\u00eds a ratificar o Tratado de Medell\u00edn"},"content":{"rendered":"<p>No dia 12 de dezembro de 2023, a Embaixada da Rep\u00fablica Portuguesa depositou na sede da COMJIB o instrumento de ratifica\u00e7\u00e3o do <em>Tratado Relativo \u00e0 Transmiss\u00e3o Eletr\u00f3nica de Pedidos de Coopera\u00e7\u00e3o Jur\u00eddica e Judici\u00e1ria Internacional entre Autoridades Centrais<\/em>, conhecido como \u201cTratado de Medell\u00edn\u201d.<\/p>\n<p>Este instrumento internacional permite modernizar e agilizar a coopera\u00e7\u00e3o jur\u00eddica e judici\u00e1ria internacional atrav\u00e9s da plataforma Iber@, um sistema inform\u00e1tico que disp\u00f5e de garantias de m\u00e1xima seguran\u00e7a e confidencialidade para a transmiss\u00e3o electr\u00f3nica de pedidos de coopera\u00e7\u00e3o jur\u00eddica internacional entre autoridades centrais, com validade jur\u00eddica e sem a necessidade de remessas f\u00edsicas subsequentes.<\/p>\n<p>Com este dep\u00f3sito do instrumento de ratifica\u00e7\u00e3o, passam a ser seis os Estados Partes: Andorra, Cuba, Espanha, Paraguai, Uruguai e Portugal. O acordo est\u00e1 em vigor desde 9 de maio de 2022 e entrar\u00e1 em vigor para a Rep\u00fablica Portuguesa em 11 de fevereiro de 2024, sessenta dias de calend\u00e1rio a contar da data de dep\u00f3sito do instrumento de ratifica\u00e7\u00e3o.<\/p>\n<p>Este Tratado tamb\u00e9m conta com a assinatura de outros seis pa\u00edses: Argentina, Bol\u00edvia, Brasil, Chile, Col\u00f4mbia e Equador. A Col\u00f4mbia j\u00e1 o ratificou, enquanto se aguarda o dep\u00f3sito do instrumento de ratifica\u00e7\u00e3o, e os demais Estados avan\u00e7am nos procedimentos correspondentes de ratifica\u00e7\u00e3o.<\/p>\n<p>O Tratado est\u00e1 aberto \u00e0 ades\u00e3o por parte de qualquer pa\u00eds do mundo e a Secretaria-Geral da COMJIB e da IberRed est\u00e1 a aconselhar v\u00e1rios pa\u00edses que est\u00e3o a avaliar a sua ades\u00e3o a esta valiosa ferramenta de coopera\u00e7\u00e3o jur\u00eddica e judici\u00e1ria internacional. Um avan\u00e7o da Ibero-Am\u00e9rica para o mundo.<\/p>\n","protected":false},"excerpt":{"rendered":"<p>No dia 12 de dezembro de 2023, a Embaixada da Rep\u00fablica Portuguesa depositou na sede da COMJIB o instrumento de ratifica\u00e7\u00e3o do Tratado Relativo \u00e0 Transmiss\u00e3o Eletr\u00f3nica de Pedidos de Coopera\u00e7\u00e3o Jur\u00eddica e Judici\u00e1ria Internacional entre Autoridades Centrais, conhecido como \u201cTratado de Medell\u00edn\u201d. Este instrumento internacional permite modernizar e agilizar a coopera\u00e7\u00e3o jur\u00eddica e judici\u00e1ria [&hellip;]<\/p>\n","protected":false},"author":34415,"featured_media":5842,"comment_status":"closed","ping_status":"closed","sticky":false,"template":"","format":"standard","meta":{"_et_pb_use_builder":"","_et_pb_old_content":"","_et_gb_content_width":"","footnotes":""},"categories":[116],"tags":[117],"class_list":["post-6275","post","type-post","status-publish","format-standard","has-post-thumbnail","hentry","category-noticias-pt-pt-pt","tag-noticias-pt-pt-pt"],"_links":{"self":[{"href":"https:\/\/comjib.org\/pt-pt\/wp-json\/wp\/v2\/posts\/6275","targetHints":{"allow":["GET"]}}],"collection":[{"href":"https:\/\/comjib.org\/pt-pt\/wp-json\/wp\/v2\/posts"}],"about":[{"href":"https:\/\/comjib.org\/pt-pt\/wp-json\/wp\/v2\/types\/post"}],"author":[{"embeddable":true,"href":"https:\/\/comjib.org\/pt-pt\/wp-json\/wp\/v2\/users\/34415"}],"replies":[{"embeddable":true,"href":"https:\/\/comjib.org\/pt-pt\/wp-json\/wp\/v2\/comments?post=6275"}],"version-history":[{"count":1,"href":"https:\/\/comjib.org\/pt-pt\/wp-json\/wp\/v2\/posts\/6275\/revisions"}],"predecessor-version":[{"id":6276,"href":"https:\/\/comjib.org\/pt-pt\/wp-json\/wp\/v2\/posts\/6275\/revisions\/6276"}],"wp:featuredmedia":[{"embeddable":true,"href":"https:\/\/comjib.org\/pt-pt\/wp-json\/wp\/v2\/media\/5842"}],"wp:attachment":[{"href":"https:\/\/comjib.org\/pt-pt\/wp-json\/wp\/v2\/media?parent=6275"}],"wp:term":[{"taxonomy":"category","embeddable":true,"href":"https:\/\/comjib.org\/pt-pt\/wp-json\/wp\/v2\/categories?post=6275"},{"taxonomy":"post_tag","embeddable":true,"href":"https:\/\/comjib.org\/pt-pt\/wp-json\/wp\/v2\/tags?post=6275"}],"curies":[{"name":"wp","href":"https:\/\/api.w.org\/{rel}","templated":true}]}}