{"id":6272,"date":"2023-12-14T16:57:25","date_gmt":"2023-12-14T15:57:25","guid":{"rendered":"https:\/\/comjib.org\/?p=6272"},"modified":"2024-12-20T16:38:16","modified_gmt":"2024-12-20T15:38:16","slug":"comeca-a-reuniao-de-pontos-de-contato-de-iberred-em-materia-civil","status":"publish","type":"post","link":"https:\/\/comjib.org\/pt-pt\/comeca-a-reuniao-de-pontos-de-contato-de-iberred-em-materia-civil\/","title":{"rendered":"Come\u00e7a a Reuni\u00e3o de Pontos de Contato de IberRed em mat\u00e9ria civil"},"content":{"rendered":"<p>Nos dias 14 e 15 de dezembro, em Santiago do Chile, ser\u00e1 realizada a reuni\u00e3o presencial de Pontos de Contatos e Liga\u00e7\u00f5es da IberRed em mat\u00e9ria civil, retomando assim as reuni\u00f5es anuais da Rede interrompidas pela recente pandemia.<\/p>\n<p>A Rede Ibero-americana de Coopera\u00e7\u00e3o Jur\u00eddica Internacional (IberRed), que completa 20 anos no pr\u00f3ximo ano, \u00e9 o motor da coopera\u00e7\u00e3o jur\u00eddica em Ibero-Am\u00e9rica.\u00a0 A sua plataforma de comunica\u00e7\u00e3o Iber@ promove a troca de informa\u00e7\u00e3o, as melhores pr\u00e1ticas e a assist\u00eancia m\u00fatua, com o objetivo de garantir uma justi\u00e7a eficiente, equitativa e eficaz, tanto em mat\u00e9ria penal como civil.<\/p>\n<p>A IberRed \u00e9 composta por membros da AIAMP (Minist\u00e9rios P\u00fablicos) da COMJIB (Minist\u00e9rios da Justi\u00e7a) e da C\u00fapula Judicial Ibero-americana (Supremas Cortes), al\u00e9m de outras institui\u00e7\u00f5es que s\u00e3o Autoridades Centrais de tratados de coopera\u00e7\u00e3o internacional.<\/p>\n<p>Este ano, o encontro ter\u00e1 como foco o tema das obriga\u00e7\u00f5es alimentares e contar\u00e1 com a participa\u00e7\u00e3o de Argentina, Brasil, Chile, Col\u00f4mbia, Cuba, El Salvador, Espanha, Portugal, Rep\u00fablica Dominicana e Uruguai.<\/p>\n<p>Neste cen\u00e1rio de coopera\u00e7\u00e3o entre pares, o fator confian\u00e7a tem um grande peso, por isso que este encontro presencial, realizado com o apoio financeiro da Cooperaci\u00f3n Espa\u00f1ola e coorganizado com o Minist\u00e9rio da Justi\u00e7a e Direitos Humanos do Chile, \u00e9 de extrema import\u00e2ncia para a regi\u00e3o.<\/p>\n<p><a href=\"\/wp-content\/uploads\/2023\/12\/Agenda.-Reuni\u00e3o-dos-Pontos-de-Contacto-IberRED-em-mat\u00e9ria-civil.-14-15.12.2023-Chile.pdf\" target=\"_blank\" rel=\"noopener noreferrer\">Agenda<img loading=\"lazy\" decoding=\"async\" class=\"alignnone size-full wp-image-1084\" src=\"https:\/\/comjib.org\/wp-content\/uploads\/2016\/12\/pdficon.png\" alt=\"\" width=\"30\" height=\"30\" \/><\/a><\/p>\n","protected":false},"excerpt":{"rendered":"<p>Nos dias 14 e 15 de dezembro, em Santiago do Chile, ser\u00e1 realizada a reuni\u00e3o presencial de Pontos de Contatos e Liga\u00e7\u00f5es da IberRed em mat\u00e9ria civil, retomando assim as reuni\u00f5es anuais da Rede interrompidas pela recente pandemia. A Rede Ibero-americana de Coopera\u00e7\u00e3o Jur\u00eddica Internacional (IberRed), que completa 20 anos no pr\u00f3ximo ano, \u00e9 o [&hellip;]<\/p>\n","protected":false},"author":34415,"featured_media":5843,"comment_status":"closed","ping_status":"closed","sticky":false,"template":"","format":"standard","meta":{"_et_pb_use_builder":"","_et_pb_old_content":"","_et_gb_content_width":"","footnotes":""},"categories":[116],"tags":[117],"class_list":["post-6272","post","type-post","status-publish","format-standard","has-post-thumbnail","hentry","category-noticias-pt-pt-pt","tag-noticias-pt-pt-pt"],"_links":{"self":[{"href":"https:\/\/comjib.org\/pt-pt\/wp-json\/wp\/v2\/posts\/6272","targetHints":{"allow":["GET"]}}],"collection":[{"href":"https:\/\/comjib.org\/pt-pt\/wp-json\/wp\/v2\/posts"}],"about":[{"href":"https:\/\/comjib.org\/pt-pt\/wp-json\/wp\/v2\/types\/post"}],"author":[{"embeddable":true,"href":"https:\/\/comjib.org\/pt-pt\/wp-json\/wp\/v2\/users\/34415"}],"replies":[{"embeddable":true,"href":"https:\/\/comjib.org\/pt-pt\/wp-json\/wp\/v2\/comments?post=6272"}],"version-history":[{"count":1,"href":"https:\/\/comjib.org\/pt-pt\/wp-json\/wp\/v2\/posts\/6272\/revisions"}],"predecessor-version":[{"id":6273,"href":"https:\/\/comjib.org\/pt-pt\/wp-json\/wp\/v2\/posts\/6272\/revisions\/6273"}],"wp:featuredmedia":[{"embeddable":true,"href":"https:\/\/comjib.org\/pt-pt\/wp-json\/wp\/v2\/media\/5843"}],"wp:attachment":[{"href":"https:\/\/comjib.org\/pt-pt\/wp-json\/wp\/v2\/media?parent=6272"}],"wp:term":[{"taxonomy":"category","embeddable":true,"href":"https:\/\/comjib.org\/pt-pt\/wp-json\/wp\/v2\/categories?post=6272"},{"taxonomy":"post_tag","embeddable":true,"href":"https:\/\/comjib.org\/pt-pt\/wp-json\/wp\/v2\/tags?post=6272"}],"curies":[{"name":"wp","href":"https:\/\/api.w.org\/{rel}","templated":true}]}}