{"id":6265,"date":"2023-12-19T09:59:21","date_gmt":"2023-12-19T08:59:21","guid":{"rendered":"https:\/\/comjib.org\/?p=6265"},"modified":"2024-12-20T16:34:38","modified_gmt":"2024-12-20T15:34:38","slug":"a-comjib-participou-em-valencia-de-encontro-que-reuniu-procuradores-ibero-americanos-e-europeus","status":"publish","type":"post","link":"https:\/\/comjib.org\/pt-pt\/a-comjib-participou-em-valencia-de-encontro-que-reuniu-procuradores-ibero-americanos-e-europeus\/","title":{"rendered":"A COMJIB participou, em Val\u00eancia, de encontro que reuniu procuradores ibero-americanos e europeus"},"content":{"rendered":"<p>A COMJIB participou da \u00abReuni\u00e3o Anual de Pontos de Contato da Rede Ibero-americana de Procuradores Antidrogas -RFAI\u00bb e da \u00abReuni\u00e3o sobre Investiga\u00e7\u00f5es Transnacionais de Tr\u00e1fico de Drogas: Alian\u00e7as entre Procuradorias Antidrogas Ibero-Americanas e Europeias\u00bb, na cidade de Val\u00eancia, Espanha, de 12 a 14 de dezembro de 2023.<\/p>\n<p>Na RFAI, Georgia Diogo, representando a COMJIB, apresentou aos pontos de contato ibero-americanos a Rede Ibero-Americana de Coopera\u00e7\u00e3o Jur\u00eddica Internacional, IberRed, suas origens, miss\u00e3o, caracter\u00edsticas, principais objetivos, estrutura e metodologia de trabalho.<\/p>\n<p>A especialista mencionou a import\u00e2ncia do interc\u00e2mbio seguro de informa\u00e7\u00f5es para a luta contra o crime organizado transnacional, mencionando a necessidade de levar em conta a sensibilidade da natureza das informa\u00e7\u00f5es trocadas para fins de intelig\u00eancia, explicando o funcionamento da plataforma Iber@, que tamb\u00e9m cont\u00e9m todas as especifica\u00e7\u00f5es t\u00e9cnicas de seguran\u00e7a necess\u00e1rias para a transmiss\u00e3o e confidencialidade das consultas e a garantia de prote\u00e7\u00e3o de dados pessoais exigida pela Uni\u00e3o Europeia. Nesse sentido, a COMJIB convidou os membros da RFAI a aderirem \u00e0 plataforma Iber@, ferramenta por meio da qual poder\u00e3o trocar informa\u00e7\u00f5es relevantes.<\/p>\n<p>Na reuni\u00e3o com os representantes das procuradorias europeias, a representante da COMJIB divulgou o Tratado de Medell\u00edn como uma ferramenta valiosa para agilizar o processamento e o encaminhamento de pedidos de coopera\u00e7\u00e3o jur\u00eddica entre os Estados, pois permite que as Autoridades Centrais utilizem meios eletr\u00f4nicos para a assist\u00eancia jur\u00eddica, convidando seus Estados a aderirem ao tratado, que est\u00e1 aberto a pa\u00edses que n\u00e3o s\u00e3o membros da comunidade ibero-americana. Al\u00e9m disso, informou sobre o acordo assinado entre a IberRed e a Eurojust, por meio do qual os pontos de contato podem trocar consultas diretamente.<\/p>\n<p>A reuni\u00e3o abordou quest\u00f5es e mecanismos de entrega controlada, bem como as melhores pr\u00e1ticas na troca de informa\u00e7\u00f5es. Os programas europeus de assist\u00eancia t\u00e9cnica COPOLAD e EL PAcCTO tamb\u00e9m fizeram apresenta\u00e7\u00f5es sobre suas atividades.<\/p>\n","protected":false},"excerpt":{"rendered":"<p>A COMJIB participou da \u00abReuni\u00e3o Anual de Pontos de Contato da Rede Ibero-americana de Procuradores Antidrogas -RFAI\u00bb e da \u00abReuni\u00e3o sobre Investiga\u00e7\u00f5es Transnacionais de Tr\u00e1fico de Drogas: Alian\u00e7as entre Procuradorias Antidrogas Ibero-Americanas e Europeias\u00bb, na cidade de Val\u00eancia, Espanha, de 12 a 14 de dezembro de 2023. Na RFAI, Georgia Diogo, representando a COMJIB, apresentou [&hellip;]<\/p>\n","protected":false},"author":34415,"featured_media":5848,"comment_status":"closed","ping_status":"closed","sticky":false,"template":"","format":"standard","meta":{"_et_pb_use_builder":"","_et_pb_old_content":"","_et_gb_content_width":"","footnotes":""},"categories":[116],"tags":[117],"class_list":["post-6265","post","type-post","status-publish","format-standard","has-post-thumbnail","hentry","category-noticias-pt-pt-pt","tag-noticias-pt-pt-pt"],"_links":{"self":[{"href":"https:\/\/comjib.org\/pt-pt\/wp-json\/wp\/v2\/posts\/6265","targetHints":{"allow":["GET"]}}],"collection":[{"href":"https:\/\/comjib.org\/pt-pt\/wp-json\/wp\/v2\/posts"}],"about":[{"href":"https:\/\/comjib.org\/pt-pt\/wp-json\/wp\/v2\/types\/post"}],"author":[{"embeddable":true,"href":"https:\/\/comjib.org\/pt-pt\/wp-json\/wp\/v2\/users\/34415"}],"replies":[{"embeddable":true,"href":"https:\/\/comjib.org\/pt-pt\/wp-json\/wp\/v2\/comments?post=6265"}],"version-history":[{"count":1,"href":"https:\/\/comjib.org\/pt-pt\/wp-json\/wp\/v2\/posts\/6265\/revisions"}],"predecessor-version":[{"id":6266,"href":"https:\/\/comjib.org\/pt-pt\/wp-json\/wp\/v2\/posts\/6265\/revisions\/6266"}],"wp:featuredmedia":[{"embeddable":true,"href":"https:\/\/comjib.org\/pt-pt\/wp-json\/wp\/v2\/media\/5848"}],"wp:attachment":[{"href":"https:\/\/comjib.org\/pt-pt\/wp-json\/wp\/v2\/media?parent=6265"}],"wp:term":[{"taxonomy":"category","embeddable":true,"href":"https:\/\/comjib.org\/pt-pt\/wp-json\/wp\/v2\/categories?post=6265"},{"taxonomy":"post_tag","embeddable":true,"href":"https:\/\/comjib.org\/pt-pt\/wp-json\/wp\/v2\/tags?post=6265"}],"curies":[{"name":"wp","href":"https:\/\/api.w.org\/{rel}","templated":true}]}}