{"id":6256,"date":"2024-03-13T10:25:04","date_gmt":"2024-03-13T09:25:04","guid":{"rendered":"https:\/\/comjib.org\/?p=6256"},"modified":"2024-12-20T16:27:13","modified_gmt":"2024-12-20T15:27:13","slug":"visita-oficial-do-ministro-da-justica-da-argentina-mariano-cuneo-libarona-a-comjib","status":"publish","type":"post","link":"https:\/\/comjib.org\/pt-pt\/visita-oficial-do-ministro-da-justica-da-argentina-mariano-cuneo-libarona-a-comjib\/","title":{"rendered":"Visita oficial do Ministro da Justi\u00e7a da Argentina, Mariano C\u00faneo Libarona, \u00e0 COMJIB"},"content":{"rendered":"<p>No passado dia 7 de mar\u00e7o recebemos na sede da COMJIB, em Madrid, o Ministro da Justi\u00e7a da Rep\u00fablica Argentina, Mariano C\u00faneo Libarona. No \u00e2mbito da sua visita oficial, o Ministro proferiu uma confer\u00eancia sobre \u00abControv\u00e9rsias em Direito Penal\u00bb na sede da COMJIB.<\/p>\n<p>Na sua interven\u00e7\u00e3o, refletiu sobre a import\u00e2ncia de modernizar a Justi\u00e7a, um projeto que est\u00e1 a avan\u00e7ar no seu mandato, a fim de garantir os direitos e a liberdade das pessoas. O Ministro referiu-se \u00e0 necessidade de se fazer \u00abuma justi\u00e7a s\u00e9ria, eficaz e c\u00e9lere, n\u00e3o com m\u00e3o dura, mas com justi\u00e7a, exemplar, baseada no princ\u00edpio da equival\u00eancia\u00bb.<\/p>\n<p>Durante a sua visita, o Ministro manteve tamb\u00e9m um encontro com o nosso Secret\u00e1rio-Geral, no qual foram abordadas quest\u00f5es de coopera\u00e7\u00e3o jur\u00eddica internacional e a import\u00e2ncia da ratifica\u00e7\u00e3o do Tratado de Medell\u00edn pela Argentina, que ser\u00e1 um dos pontos da agenda do Ministro durante o seu mandato. O objetivo \u00e9 refor\u00e7ar os la\u00e7os e a coopera\u00e7\u00e3o entre os pa\u00edses que comp\u00f5em a regi\u00e3o ibero-americana.<\/p>\n<p>Paralelamente, a COMJIB est\u00e1 imersa no importante processo de entrada em vigor do Tratado de Medell\u00edn, que permitir\u00e1 a utiliza\u00e7\u00e3o preferencial da plataforma Iber@, apoiada pelo Conselho Geral do Notariado Espanhol, como ve\u00edculo mais eficaz para a transmiss\u00e3o de pedidos de coopera\u00e7\u00e3o jur\u00eddica internacional.<\/p>\n<p>A Argentina \u00e9 um dos signat\u00e1rios do Tratado, e estamos confiantes de que, com o apoio do Ministro C\u00faneo Libarona, conseguiremos que o Tratado de Medell\u00edn possa ser ratificado pela Argentina, juntando-se assim a Andorra, Cuba, Espanha, Uruguai, Paraguai e, proximamente, a Portugal e Col\u00f4mbia, para os quais o Tratado entrar\u00e1 em vigor em breve.<\/p>\n<p>Al\u00e9m disso, o pa\u00eds sempre desempenhou um papel muito importante no espa\u00e7o ibero-americano, raz\u00e3o pela qual, a partir da COMJIB, agradecemos ao Ministro e \u00e0 sua equipa a sua visita oficial \u00e0 nossa sede. Estendemos tamb\u00e9m os nossos agradecimentos ao Procurador espanhol para a Coopera\u00e7\u00e3o Internacional, Francisco Jim\u00e9nez Villarejo, e ao diretor do Programa PAcCTO 2.0, Javier Samper Orgil\u00e9s, que nos acompanharam na Confer\u00eancia do Ministro.<\/p>\n<p><em>\u00abEspero que dentro de alguns anos possamos ver uma Argentina inclu\u00edda no mundo, com o Tratado de Medell\u00edn em vigor e com um pa\u00eds que merece estar noutro lugar\u00bb. Mariano C\u00faneo Libarona, Ministro da Justi\u00e7a da Rep\u00fablica Argentina.<\/em><\/p>\n","protected":false},"excerpt":{"rendered":"<p>No passado dia 7 de mar\u00e7o recebemos na sede da COMJIB, em Madrid, o Ministro da Justi\u00e7a da Rep\u00fablica Argentina, Mariano C\u00faneo Libarona. No \u00e2mbito da sua visita oficial, o Ministro proferiu uma confer\u00eancia sobre \u00abControv\u00e9rsias em Direito Penal\u00bb na sede da COMJIB. Na sua interven\u00e7\u00e3o, refletiu sobre a import\u00e2ncia de modernizar a Justi\u00e7a, um [&hellip;]<\/p>\n","protected":false},"author":34415,"featured_media":5863,"comment_status":"closed","ping_status":"closed","sticky":false,"template":"","format":"standard","meta":{"_et_pb_use_builder":"","_et_pb_old_content":"","_et_gb_content_width":"","footnotes":""},"categories":[116],"tags":[117],"class_list":["post-6256","post","type-post","status-publish","format-standard","has-post-thumbnail","hentry","category-noticias-pt-pt-pt","tag-noticias-pt-pt-pt"],"_links":{"self":[{"href":"https:\/\/comjib.org\/pt-pt\/wp-json\/wp\/v2\/posts\/6256","targetHints":{"allow":["GET"]}}],"collection":[{"href":"https:\/\/comjib.org\/pt-pt\/wp-json\/wp\/v2\/posts"}],"about":[{"href":"https:\/\/comjib.org\/pt-pt\/wp-json\/wp\/v2\/types\/post"}],"author":[{"embeddable":true,"href":"https:\/\/comjib.org\/pt-pt\/wp-json\/wp\/v2\/users\/34415"}],"replies":[{"embeddable":true,"href":"https:\/\/comjib.org\/pt-pt\/wp-json\/wp\/v2\/comments?post=6256"}],"version-history":[{"count":1,"href":"https:\/\/comjib.org\/pt-pt\/wp-json\/wp\/v2\/posts\/6256\/revisions"}],"predecessor-version":[{"id":6257,"href":"https:\/\/comjib.org\/pt-pt\/wp-json\/wp\/v2\/posts\/6256\/revisions\/6257"}],"wp:featuredmedia":[{"embeddable":true,"href":"https:\/\/comjib.org\/pt-pt\/wp-json\/wp\/v2\/media\/5863"}],"wp:attachment":[{"href":"https:\/\/comjib.org\/pt-pt\/wp-json\/wp\/v2\/media?parent=6256"}],"wp:term":[{"taxonomy":"category","embeddable":true,"href":"https:\/\/comjib.org\/pt-pt\/wp-json\/wp\/v2\/categories?post=6256"},{"taxonomy":"post_tag","embeddable":true,"href":"https:\/\/comjib.org\/pt-pt\/wp-json\/wp\/v2\/tags?post=6256"}],"curies":[{"name":"wp","href":"https:\/\/api.w.org\/{rel}","templated":true}]}}