{"id":6248,"date":"2024-03-19T09:52:18","date_gmt":"2024-03-19T08:52:18","guid":{"rendered":"https:\/\/comjib.org\/a-colombia-entrega-o-deposito-do-instrumento-de-ratificacao-do-tratado-de-medellin\/"},"modified":"2024-12-20T16:24:27","modified_gmt":"2024-12-20T15:24:27","slug":"a-colombia-entrega-o-deposito-do-instrumento-de-ratificacao-do-tratado-de-medellin","status":"publish","type":"post","link":"https:\/\/comjib.org\/pt-pt\/a-colombia-entrega-o-deposito-do-instrumento-de-ratificacao-do-tratado-de-medellin\/","title":{"rendered":"A Col\u00f4mbia entrega o dep\u00f3sito do instrumento de ratifica\u00e7\u00e3o do Tratado de Medell\u00edn"},"content":{"rendered":"<p>Em 16 de mar\u00e7o de 2024, o Vice-Ministro dos Neg\u00f3cios Estrangeiros da Col\u00f4mbia, Francisco J. Coy, acompanhado pela Vice-Ministra da Justi\u00e7a e do Direito, Jhoana Delgado, entregou oficialmente o dep\u00f3sito do instrumento de ratifica\u00e7\u00e3o do <em>Tratado relativo \u00e0 Transmiss\u00e3o Eletr\u00f4nica de Pedidos de Coopera\u00e7\u00e3o Jur\u00eddica Internacional entre Autoridades Centrais<\/em>, conhecido como \u00abTratado de Medell\u00edn\u00bb, ao nosso Secret\u00e1rio-Geral, Enrique Gil Botero, na sede da Chancelaria em Bogot\u00e1, Col\u00f4mbia.<\/p>\n<p>Com esta entrega, a Col\u00f4mbia passar\u00e1 a ser um novo pa\u00eds ibero-americano a aderir ao Tratado, junto com: Andorra, Cuba, Espanha, Paraguai e Uruguai. Al\u00e9m disso, o Tratado conta com a assinatura de outros seis pa\u00edses, que s\u00e3o: Argentina, Bol\u00edvia, Brasil, Chile, Equador e Portugal. Os outros Estados da regi\u00e3o est\u00e3o avan\u00e7ando no processo de ratifica\u00e7\u00e3o. O Tratado entrar\u00e1 em vigor para a Col\u00f4mbia decorridos 60 dias naturais ap\u00f3s a data de entrega do seu dep\u00f3sito de ratifica\u00e7\u00e3o, ou seja, 15 de maio do ano corrente.<\/p>\n<p>Este instrumento internacional permite modernizar e agilizar a coopera\u00e7\u00e3o jur\u00eddica internacional atrav\u00e9s da plataforma Iber@, um sistema inform\u00e1tico que garante a m\u00e1xima seguran\u00e7a e confidencialidade na transmiss\u00e3o eletr\u00f3nica de pedidos de coopera\u00e7\u00e3o jur\u00eddica internacional entre autoridades centrais, com validade jur\u00eddica e sem necessidade de posteriores transmiss\u00f5es f\u00edsicas.<\/p>\n<p>O Tratado est\u00e1 aberto \u00e0 ades\u00e3o de qualquer pa\u00eds do mundo, o que confere uma proje\u00e7\u00e3o global a este valioso instrumento de coopera\u00e7\u00e3o jur\u00eddica internacional. Um avan\u00e7o da Ibero-Am\u00e9rica para o mundo.<\/p>\n<p><!-- <a href=\"\/wp-content\/uploads\/2023\/10\/IberRed-Comision-Tecnica-Acta-de-reunion-051023-ES.pdf\" target=\"_blank\" rel=\"noopener noreferrer\">IberRed Comisi\u00f3n T\u00e9cnica Acta de reuni\u00f3n 051023 ES.pdf<img loading=\"lazy\" decoding=\"async\" class=\"alignnone size-full wp-image-1084\" src=\"https:\/\/comjib.org\/wp-content\/uploads\/2016\/12\/pdficon.png\" alt=\"\" width=\"30\" height=\"30\" \/><\/a>--><\/p>\n","protected":false},"excerpt":{"rendered":"<p>Em 16 de mar\u00e7o de 2024, o Vice-Ministro dos Neg\u00f3cios Estrangeiros da Col\u00f4mbia, Francisco J. Coy, acompanhado pela Vice-Ministra da Justi\u00e7a e do Direito, Jhoana Delgado, entregou oficialmente o dep\u00f3sito do instrumento de ratifica\u00e7\u00e3o do Tratado relativo \u00e0 Transmiss\u00e3o Eletr\u00f4nica de Pedidos de Coopera\u00e7\u00e3o Jur\u00eddica Internacional entre Autoridades Centrais, conhecido como \u00abTratado de Medell\u00edn\u00bb, ao [&hellip;]<\/p>\n","protected":false},"author":3,"featured_media":5865,"comment_status":"closed","ping_status":"closed","sticky":false,"template":"","format":"standard","meta":{"_et_pb_use_builder":"","_et_pb_old_content":"","_et_gb_content_width":"","footnotes":""},"categories":[116],"tags":[117],"class_list":["post-6248","post","type-post","status-publish","format-standard","has-post-thumbnail","hentry","category-noticias-pt-pt-pt","tag-noticias-pt-pt-pt"],"_links":{"self":[{"href":"https:\/\/comjib.org\/pt-pt\/wp-json\/wp\/v2\/posts\/6248","targetHints":{"allow":["GET"]}}],"collection":[{"href":"https:\/\/comjib.org\/pt-pt\/wp-json\/wp\/v2\/posts"}],"about":[{"href":"https:\/\/comjib.org\/pt-pt\/wp-json\/wp\/v2\/types\/post"}],"author":[{"embeddable":true,"href":"https:\/\/comjib.org\/pt-pt\/wp-json\/wp\/v2\/users\/3"}],"replies":[{"embeddable":true,"href":"https:\/\/comjib.org\/pt-pt\/wp-json\/wp\/v2\/comments?post=6248"}],"version-history":[{"count":1,"href":"https:\/\/comjib.org\/pt-pt\/wp-json\/wp\/v2\/posts\/6248\/revisions"}],"predecessor-version":[{"id":6251,"href":"https:\/\/comjib.org\/pt-pt\/wp-json\/wp\/v2\/posts\/6248\/revisions\/6251"}],"wp:featuredmedia":[{"embeddable":true,"href":"https:\/\/comjib.org\/pt-pt\/wp-json\/wp\/v2\/media\/5865"}],"wp:attachment":[{"href":"https:\/\/comjib.org\/pt-pt\/wp-json\/wp\/v2\/media?parent=6248"}],"wp:term":[{"taxonomy":"category","embeddable":true,"href":"https:\/\/comjib.org\/pt-pt\/wp-json\/wp\/v2\/categories?post=6248"},{"taxonomy":"post_tag","embeddable":true,"href":"https:\/\/comjib.org\/pt-pt\/wp-json\/wp\/v2\/tags?post=6248"}],"curies":[{"name":"wp","href":"https:\/\/api.w.org\/{rel}","templated":true}]}}