{"id":6243,"date":"2024-04-02T13:22:33","date_gmt":"2024-04-02T11:22:33","guid":{"rendered":"https:\/\/comjib.org\/visita-do-secretario-geral-da-comjib-enrique-gil-botero-a-colombia\/"},"modified":"2024-12-20T16:17:27","modified_gmt":"2024-12-20T15:17:27","slug":"visita-do-secretario-geral-da-comjib-enrique-gil-botero-a-colombia","status":"publish","type":"post","link":"https:\/\/comjib.org\/pt-pt\/visita-do-secretario-geral-da-comjib-enrique-gil-botero-a-colombia\/","title":{"rendered":"Visita do Secret\u00e1rio-Geral da COMJIB, Enrique Gil Botero, \u00e0 Col\u00f4mbia"},"content":{"rendered":"<p>Durante o m\u00eas de mar\u00e7o, o nosso Secret\u00e1rio-Geral, Enrique Gil Botero, viajou \u00e0 Col\u00f4mbia com o objetivo de realizar diversas reuni\u00f5es de trabalho com as autoridades do pa\u00eds, em cumprimento da agenda de trabalho da COMJIB.<\/p>\n<p>Em primeiro lugar, o Secret\u00e1rio foi recebido em Bogot\u00e1 pelo Vice-Ministro de Rela\u00e7\u00f5es Exteriores, Francisco J. Coy, que entregou oficialmente o dep\u00f3sito do instrumento de ratifica\u00e7\u00e3o do <em>T<\/em><em>ratado sobre a Transmiss\u00e3o Eletr\u00f3nica de Pedidos de Coopera\u00e7\u00e3o Jur\u00eddica Internacional entre Autoridades Centrais<\/em><em>,<\/em> tamb\u00e9m conhecido como <em>\u00abTratado de Medell\u00edn\u00bb<\/em>, na presen\u00e7a da Vice-Ministra da Justi\u00e7a e do Direito, Jhoana Delgado.<\/p>\n<p>Com esta entrega, a Col\u00f4mbia passa a fazer parte do Tratado, sendo o s\u00e9timo pa\u00eds ibero-americano a depositar o seu instrumento de ratifica\u00e7\u00e3o. Este Tratado tem como objetivo modernizar e agilizar a coopera\u00e7\u00e3o jur\u00eddica internacional entre os diferentes pa\u00edses da regi\u00e3o, atrav\u00e9s da plataforma Iber@, um sistema inform\u00e1tico que funcionar\u00e1 como um canal confidencial e seguro de comunica\u00e7\u00e3o entre as autoridades centrais.<\/p>\n<p>Durante a sua miss\u00e3o na Col\u00f4mbia, Enrique Gil Botero reuniu-se tamb\u00e9m com o Defensor do Povo colombiano, Carlos Camargo Assis, na sede da Defensoria, em Bogot\u00e1. Durante este encontro, foi assinado um Memorando de Entendimento entre a COMJIB e a Defensoria do Povo da Col\u00f4mbia, que visa promover a coopera\u00e7\u00e3o jur\u00eddica internacional, a igualdade de g\u00e9nero e a justi\u00e7a restaurativa, a fim de refor\u00e7ar e fortalecer os la\u00e7os na regi\u00e3o ibero-americana.<\/p>\n<p>Durante a sua visita \u00e0 Col\u00f4mbia, o Secret\u00e1rio teve tamb\u00e9m um encontro com o Presidente da C\u00e2mara da cidade de Medell\u00edn, Federico Guti\u00e9rrez, para discutir o andamento da agenda de um pr\u00f3ximo evento, que se intitular\u00e1 \u00abMedell\u00edn: Capital Mundial da Coopera\u00e7\u00e3o Jur\u00eddica Internacional\u00bb, por ocasi\u00e3o do 20\u00ba anivers\u00e1rio da IberRed.<\/p>\n<p>Por \u00faltimo, o Secret\u00e1rio manteve uma reuni\u00e3o de trabalho com o antigo Presidente da Rep\u00fablica da Col\u00f4mbia, Juan Manuel Santos, para debater a import\u00e2ncia da coopera\u00e7\u00e3o jur\u00eddica internacional na administra\u00e7\u00e3o da justi\u00e7a na Ibero-Am\u00e9rica.<\/p>\n<p><!-- <a href=\"\/wp-content\/uploads\/2023\/10\/IberRed-Comision-Tecnica-Acta-de-reunion-051023-ES.pdf\" target=\"_blank\" rel=\"noopener noreferrer\"><span data-mce-type=\"bookmark\" style=\"display: inline-block; width: 0px; overflow: hidden; line-height: 0;\" class=\"mce_SELRES_start\"><\/span>IberRed Comisi\u00f3n T\u00e9cnica Acta de reuni\u00f3n 051023 ES.pdf<img loading=\"lazy\" decoding=\"async\" class=\"alignnone size-full wp-image-1084\" src=\"https:\/\/comjib.org\/wp-content\/uploads\/2016\/12\/pdficon.png\" alt=\"\" width=\"30\" height=\"30\" \/><\/a>--><\/p>\n","protected":false},"excerpt":{"rendered":"<p>Durante o m\u00eas de mar\u00e7o, o nosso Secret\u00e1rio-Geral, Enrique Gil Botero, viajou \u00e0 Col\u00f4mbia com o objetivo de realizar diversas reuni\u00f5es de trabalho com as autoridades do pa\u00eds, em cumprimento da agenda de trabalho da COMJIB. Em primeiro lugar, o Secret\u00e1rio foi recebido em Bogot\u00e1 pelo Vice-Ministro de Rela\u00e7\u00f5es Exteriores, Francisco J. Coy, que entregou [&hellip;]<\/p>\n","protected":false},"author":3,"featured_media":5866,"comment_status":"closed","ping_status":"closed","sticky":false,"template":"","format":"standard","meta":{"_et_pb_use_builder":"","_et_pb_old_content":"","_et_gb_content_width":"","footnotes":""},"categories":[116],"tags":[117],"class_list":["post-6243","post","type-post","status-publish","format-standard","has-post-thumbnail","hentry","category-noticias-pt-pt-pt","tag-noticias-pt-pt-pt"],"_links":{"self":[{"href":"https:\/\/comjib.org\/pt-pt\/wp-json\/wp\/v2\/posts\/6243","targetHints":{"allow":["GET"]}}],"collection":[{"href":"https:\/\/comjib.org\/pt-pt\/wp-json\/wp\/v2\/posts"}],"about":[{"href":"https:\/\/comjib.org\/pt-pt\/wp-json\/wp\/v2\/types\/post"}],"author":[{"embeddable":true,"href":"https:\/\/comjib.org\/pt-pt\/wp-json\/wp\/v2\/users\/3"}],"replies":[{"embeddable":true,"href":"https:\/\/comjib.org\/pt-pt\/wp-json\/wp\/v2\/comments?post=6243"}],"version-history":[{"count":2,"href":"https:\/\/comjib.org\/pt-pt\/wp-json\/wp\/v2\/posts\/6243\/revisions"}],"predecessor-version":[{"id":6246,"href":"https:\/\/comjib.org\/pt-pt\/wp-json\/wp\/v2\/posts\/6243\/revisions\/6246"}],"wp:featuredmedia":[{"embeddable":true,"href":"https:\/\/comjib.org\/pt-pt\/wp-json\/wp\/v2\/media\/5866"}],"wp:attachment":[{"href":"https:\/\/comjib.org\/pt-pt\/wp-json\/wp\/v2\/media?parent=6243"}],"wp:term":[{"taxonomy":"category","embeddable":true,"href":"https:\/\/comjib.org\/pt-pt\/wp-json\/wp\/v2\/categories?post=6243"},{"taxonomy":"post_tag","embeddable":true,"href":"https:\/\/comjib.org\/pt-pt\/wp-json\/wp\/v2\/tags?post=6243"}],"curies":[{"name":"wp","href":"https:\/\/api.w.org\/{rel}","templated":true}]}}