{"id":6236,"date":"2024-05-14T10:13:50","date_gmt":"2024-05-14T08:13:50","guid":{"rendered":"https:\/\/comjib.org\/segundo-taller-virtual-en-el-marco-del-convenio-iberoamericano-de-acceso-a-la-justicia-tecnologias-para-mejorar-el-acceso-a-la-justicia\/"},"modified":"2024-12-20T14:50:49","modified_gmt":"2024-12-20T13:50:49","slug":"segundo-taller-virtual-en-el-marco-del-convenio-iberoamericano-de-acceso-a-la-justicia-tecnologias-para-mejorar-el-acceso-a-la-justicia","status":"publish","type":"post","link":"https:\/\/comjib.org\/pt-pt\/segundo-taller-virtual-en-el-marco-del-convenio-iberoamericano-de-acceso-a-la-justicia-tecnologias-para-mejorar-el-acceso-a-la-justicia\/","title":{"rendered":"Segundo workshop virtual no \u00e2mbito da Conven\u00e7\u00e3o Ibero-Americana de Acesso \u00e0 Justi\u00e7a: Tecnologias para melhorar o acesso \u00e0 justi\u00e7a"},"content":{"rendered":"<p>Dando continuidade ao programa de workshops da Conven\u00e7\u00e3o Ibero-Americana sobre o Acesso \u00e0 Justi\u00e7a (CIAJ), que decorreu de abril a outubro, realizamos na ter\u00e7a-feira, 7 de maio, o segundo workshop: <strong>\u201cTecnologias para melhorar o acesso \u00e0 justi\u00e7a\u201d<\/strong>, que se baseou na an\u00e1lise de boas pr\u00e1ticas no uso de tecnologias para melhorar o acesso \u00e0 justi\u00e7a.<\/p>\n<p>Este ciclo de workshops est\u00e1 a ser organizado pela Confer\u00eancia de Ministros da Justi\u00e7a dos Pa\u00edses Ibero-Americanos (COMJIB) em colabora\u00e7\u00e3o com o Programa das Na\u00e7\u00f5es Unidas para o Desenvolvimento (PNUD) e contou tamb\u00e9m com a participa\u00e7\u00e3o de diferentes entidades ibero-americanas com experi\u00eancia na implementa\u00e7\u00e3o de tecnologias para melhorar o acesso \u00e0 Justi\u00e7a, os seus benef\u00edcios e desafios actuais.<\/p>\n<p>O painel foi composto pelo Chefe do Subdepartamento de Moderniza\u00e7\u00e3o Administrativa do Poder Judici\u00e1rio do Chile, Esteban Paiva Jara; pelo Diretor Geral de Transforma\u00e7\u00e3o Digital da Administra\u00e7\u00e3o da Justi\u00e7a do Minist\u00e9rio da Presid\u00eancia, Justi\u00e7a e Rela\u00e7\u00f5es com as Cortes da Espanha, Aitor Cubos; pela Coordenadora do Programa da Rede Ibero-Americana de Justi\u00e7a Aberta, Eugenia Braguinsky; pela Coordenadora Geral do SIGOB-PNUD, Mar\u00eda Eugenia Boza e pelo Sr. Darci G. Ribeiro do Instituto Ibero-Americano de Direito Processual. Durante o evento, os oradores analisaram quest\u00f5es que v\u00e3o desde a dificuldade de acesso \u00e0s tecnologias para uma parte da popula\u00e7\u00e3o ibero-americana em condi\u00e7\u00f5es de vulnerabilidade, at\u00e9 \u00e0 forma de aproveitar e utilizar as tecnologias para garantir um verdadeiro acesso \u00e0 justi\u00e7a.<\/p>\n<p>Durante o painel, foram discutidos os tr\u00eas riscos essenciais da tecnologia, que s\u00e3o: a desumaniza\u00e7\u00e3o dos conflitos, os dilemas \u00e9ticos que apresenta e a falta de privacidade devido \u00e0 aus\u00eancia de uma ciberseguran\u00e7a real e eficaz. Os membros do painel enfatizaram que a tecnologia est\u00e1 claramente presente no mundo atual e que veio para ficar, raz\u00e3o pela qual conclu\u00edram que deve ser bem utilizada e que deve servir tamb\u00e9m como ferramenta para melhorar o servi\u00e7o prestado pelos operadores de justi\u00e7a e o acesso \u00e0 justi\u00e7a.<\/p>\n<p>Por fim, foi aberto um debate em que os oradores discutiram diferentes temas relacionados com as tecnologias e as barreiras que alguns pa\u00edses da Am\u00e9rica Latina t\u00eam enfrentado relativamente \u00e0 introdu\u00e7\u00e3o e aplica\u00e7\u00e3o destas tecnologias no sector da justi\u00e7a, bem como a import\u00e2ncia de implementar as tecnologias de forma segura, \u00e1gil e eficiente.<\/p>\n<p><!-- <a href=\"\/wp-content\/uploads\/2023\/10\/IberRed-Comision-Tecnica-Acta-de-reunion-051023-ES.pdf\" target=\"_blank\" rel=\"noopener noreferrer\"><span data-mce-type=\"bookmark\" style=\"display: inline-block; width: 0px; overflow: hidden; line-height: 0;\" class=\"mce_SELRES_start\"><\/span>IberRed Comisi\u00f3n T\u00e9cnica Acta de reuni\u00f3n 051023 ES.pdf<img loading=\"lazy\" decoding=\"async\" class=\"alignnone size-full wp-image-1084\" src=\"https:\/\/comjib.org\/wp-content\/uploads\/2016\/12\/pdficon.png\" alt=\"\" width=\"30\" height=\"30\" \/><\/a>--><\/p>\n","protected":false},"excerpt":{"rendered":"<p>Dando continuidade ao programa de workshops da Conven\u00e7\u00e3o Ibero-Americana sobre o Acesso \u00e0 Justi\u00e7a (CIAJ), que decorreu de abril a outubro, realizamos na ter\u00e7a-feira, 7 de maio, o segundo workshop: \u201cTecnologias para melhorar o acesso \u00e0 justi\u00e7a\u201d, que se baseou na an\u00e1lise de boas pr\u00e1ticas no uso de tecnologias para melhorar o acesso \u00e0 justi\u00e7a. [&hellip;]<\/p>\n","protected":false},"author":3,"featured_media":5875,"comment_status":"closed","ping_status":"closed","sticky":false,"template":"","format":"standard","meta":{"_et_pb_use_builder":"","_et_pb_old_content":"","_et_gb_content_width":"","footnotes":""},"categories":[116],"tags":[117],"class_list":["post-6236","post","type-post","status-publish","format-standard","has-post-thumbnail","hentry","category-noticias-pt-pt-pt","tag-noticias-pt-pt-pt"],"_links":{"self":[{"href":"https:\/\/comjib.org\/pt-pt\/wp-json\/wp\/v2\/posts\/6236","targetHints":{"allow":["GET"]}}],"collection":[{"href":"https:\/\/comjib.org\/pt-pt\/wp-json\/wp\/v2\/posts"}],"about":[{"href":"https:\/\/comjib.org\/pt-pt\/wp-json\/wp\/v2\/types\/post"}],"author":[{"embeddable":true,"href":"https:\/\/comjib.org\/pt-pt\/wp-json\/wp\/v2\/users\/3"}],"replies":[{"embeddable":true,"href":"https:\/\/comjib.org\/pt-pt\/wp-json\/wp\/v2\/comments?post=6236"}],"version-history":[{"count":1,"href":"https:\/\/comjib.org\/pt-pt\/wp-json\/wp\/v2\/posts\/6236\/revisions"}],"predecessor-version":[{"id":6237,"href":"https:\/\/comjib.org\/pt-pt\/wp-json\/wp\/v2\/posts\/6236\/revisions\/6237"}],"wp:featuredmedia":[{"embeddable":true,"href":"https:\/\/comjib.org\/pt-pt\/wp-json\/wp\/v2\/media\/5875"}],"wp:attachment":[{"href":"https:\/\/comjib.org\/pt-pt\/wp-json\/wp\/v2\/media?parent=6236"}],"wp:term":[{"taxonomy":"category","embeddable":true,"href":"https:\/\/comjib.org\/pt-pt\/wp-json\/wp\/v2\/categories?post=6236"},{"taxonomy":"post_tag","embeddable":true,"href":"https:\/\/comjib.org\/pt-pt\/wp-json\/wp\/v2\/tags?post=6236"}],"curies":[{"name":"wp","href":"https:\/\/api.w.org\/{rel}","templated":true}]}}