{"id":6233,"date":"2024-05-21T17:12:47","date_gmt":"2024-05-21T15:12:47","guid":{"rendered":"https:\/\/comjib.org\/?p=6233"},"modified":"2024-12-20T14:47:33","modified_gmt":"2024-12-20T13:47:33","slug":"entrada-em-vigor-do-tratado-de-medellin-para-a-colombia","status":"publish","type":"post","link":"https:\/\/comjib.org\/pt-pt\/entrada-em-vigor-do-tratado-de-medellin-para-a-colombia\/","title":{"rendered":"Entrada em vigor do Tratado de Medell\u00edn para a Col\u00f4mbia"},"content":{"rendered":"<p>O dia 15 de maio constitui um marco fundamental para a coopera\u00e7\u00e3o jur\u00eddica ibero-americana e para o sistema de justi\u00e7a da Col\u00f4mbia, com a entrada em vigor do Tratado sobre a transmiss\u00e3o eletr\u00f3nica de pedidos de coopera\u00e7\u00e3o jur\u00eddica internacional entre Autoridades Centrais, tamb\u00e9m conhecido como Tratado de Medell\u00edn. O Tratado foi assinado por Andorra, Argentina, Bol\u00edvia, Brasil, Chile, Col\u00f4mbia, Cuba, Equador, Espanha, Portugal, Paraguai e Uruguai; e Andorra, Cuba, Espanha, Paraguai, Portugal e Uruguai depositaram o instrumento de ratifica\u00e7\u00e3o. Ap\u00f3s a sua ratifica\u00e7\u00e3o e entrada em vigor, a Col\u00f4mbia torna-se a sexta na\u00e7\u00e3o a tornar-se parte do Tratado.<\/p>\n<p>O Tratado de Medell\u00edn representa um grande avan\u00e7o para a Col\u00f4mbia, em tempos em que a virtualidade prevalece e a digitaliza\u00e7\u00e3o da justi\u00e7a se tornou uma das bandeiras do seu governo nacional. Entre as suas disposi\u00e7\u00f5es mais importantes est\u00e3o as que visam modernizar e acelerar a coopera\u00e7\u00e3o jur\u00eddica internacional atrav\u00e9s da plataforma Iber@, um sistema inform\u00e1tico que garante a m\u00e1xima seguran\u00e7a e confidencialidade na transmiss\u00e3o eletr\u00f3nica de pedidos de coopera\u00e7\u00e3o jur\u00eddica internacional e que permite que mais de 300 pontos de contacto de a cerca de 100 institui\u00e7\u00f5es de justi\u00e7a dos Estados ibero-americanos, juntamente com organismos como a Eurojust e a Interpol, partilhar informa\u00e7\u00f5es e consultas jur\u00eddicas em mat\u00e9ria civil e penal.<\/p>\n<p>O Tratado converteu-se num instrumento valioso para o sistema judicial colombiano, uma vez que acelera a tramita\u00e7\u00e3o e o encaminhamento dos requerimentos entre Estados, reduz os prazos de tramita\u00e7\u00e3o e diminui a utiliza\u00e7\u00e3o de recursos econ\u00f3micos, humanos e ambientais, optimizando n\u00e3o s\u00f3 a coopera\u00e7\u00e3o jur\u00eddica internacional, mas tamb\u00e9m o conjunto dos processos judiciais do pa\u00eds.<\/p>\n","protected":false},"excerpt":{"rendered":"<p>O dia 15 de maio constitui um marco fundamental para a coopera\u00e7\u00e3o jur\u00eddica ibero-americana e para o sistema de justi\u00e7a da Col\u00f4mbia, com a entrada em vigor do Tratado sobre a transmiss\u00e3o eletr\u00f3nica de pedidos de coopera\u00e7\u00e3o jur\u00eddica internacional entre Autoridades Centrais, tamb\u00e9m conhecido como Tratado de Medell\u00edn. O Tratado foi assinado por Andorra, Argentina, [&hellip;]<\/p>\n","protected":false},"author":34415,"featured_media":5876,"comment_status":"closed","ping_status":"closed","sticky":false,"template":"","format":"standard","meta":{"_et_pb_use_builder":"","_et_pb_old_content":"","_et_gb_content_width":"","footnotes":""},"categories":[116],"tags":[117],"class_list":["post-6233","post","type-post","status-publish","format-standard","has-post-thumbnail","hentry","category-noticias-pt-pt-pt","tag-noticias-pt-pt-pt"],"_links":{"self":[{"href":"https:\/\/comjib.org\/pt-pt\/wp-json\/wp\/v2\/posts\/6233","targetHints":{"allow":["GET"]}}],"collection":[{"href":"https:\/\/comjib.org\/pt-pt\/wp-json\/wp\/v2\/posts"}],"about":[{"href":"https:\/\/comjib.org\/pt-pt\/wp-json\/wp\/v2\/types\/post"}],"author":[{"embeddable":true,"href":"https:\/\/comjib.org\/pt-pt\/wp-json\/wp\/v2\/users\/34415"}],"replies":[{"embeddable":true,"href":"https:\/\/comjib.org\/pt-pt\/wp-json\/wp\/v2\/comments?post=6233"}],"version-history":[{"count":1,"href":"https:\/\/comjib.org\/pt-pt\/wp-json\/wp\/v2\/posts\/6233\/revisions"}],"predecessor-version":[{"id":6234,"href":"https:\/\/comjib.org\/pt-pt\/wp-json\/wp\/v2\/posts\/6233\/revisions\/6234"}],"wp:featuredmedia":[{"embeddable":true,"href":"https:\/\/comjib.org\/pt-pt\/wp-json\/wp\/v2\/media\/5876"}],"wp:attachment":[{"href":"https:\/\/comjib.org\/pt-pt\/wp-json\/wp\/v2\/media?parent=6233"}],"wp:term":[{"taxonomy":"category","embeddable":true,"href":"https:\/\/comjib.org\/pt-pt\/wp-json\/wp\/v2\/categories?post=6233"},{"taxonomy":"post_tag","embeddable":true,"href":"https:\/\/comjib.org\/pt-pt\/wp-json\/wp\/v2\/tags?post=6233"}],"curies":[{"name":"wp","href":"https:\/\/api.w.org\/{rel}","templated":true}]}}