{"id":6218,"date":"2024-07-23T13:11:56","date_gmt":"2024-07-23T11:11:56","guid":{"rendered":"https:\/\/comjib.org\/reuniao-da-comissao-de-delegados-da-comjib-em-havana-cuba\/"},"modified":"2024-12-20T13:52:04","modified_gmt":"2024-12-20T12:52:04","slug":"reuniao-da-comissao-de-delegados-da-comjib-em-havana-cuba","status":"publish","type":"post","link":"https:\/\/comjib.org\/pt-pt\/reuniao-da-comissao-de-delegados-da-comjib-em-havana-cuba\/","title":{"rendered":"Reuni\u00e3o da Comiss\u00e3o de Delegados da COMJIB em Havana, Cuba."},"content":{"rendered":"<p>Durante os dias 11 e 12 de julho de 2024, realizou-se em Havana, Cuba, a Reuni\u00e3o da Comiss\u00e3o Delegada da COMJIB. Esta reuni\u00e3o foi celebrada gra\u00e7as ao apoio do Minist\u00e9rio da Justi\u00e7a de Cuba, e reuniu quatro dos cinco pa\u00edses da Comiss\u00e3o Delegada da COMJIB (Argentina, Chile, Cuba e Paraguai), bem como dois das tr\u00eas Secretar\u00edas-Gerais Adjuntas da COMJIB (Espanha e Uruguai) e o administrador do Programa EL PAcCTO 2.0.<\/p>\n<p>Na reuni\u00e3o da Comiss\u00e3o Delegada, se apresentou o relat\u00f3rio de gest\u00e3o e as demonstra\u00e7\u00f5es financeiras da COMJIB para 2023, para serem levados a aprecia\u00e7\u00e3o da XXIV Assembleia Plen\u00e1ria da COMJIB, que se realizar\u00e1 em 2025 no Brasil.<\/p>\n<p>Al\u00e9m disso, durante esta reuni\u00e3o, os ministros celebraram o lan\u00e7amento p\u00fablico do primeiro draft oficial da Conven\u00e7\u00e3o Ibero-Americana sobre o Acesso \u00e0 Justi\u00e7a (CIAJ) e o rein\u00edcio das reuni\u00f5es de revis\u00e3o da Conven\u00e7\u00e3o por parte da comunidade ibero-americana e das organiza\u00e7\u00f5es internacionais. Foram igualmente apreciados os recentes progressos efetuados por Chile e Portugal no processo de ratifica\u00e7\u00e3o do Tratado de Medell\u00edn e a entrada em vigor do Tratado para a Col\u00f4mbia. A este respeito, os outros pa\u00edses ibero-americanos que n\u00e3o assinaram nem ratificaram o Tratado de Medell\u00edn foram convidados a avan\u00e7ar neste processo, a fim de gerar uma resposta efetiva \u00e0 criminalidade organizada transnacional. Paralelamente, foram assinados acordos de coopera\u00e7\u00e3o entre a COMJIB e o Instituto Ibero-Americano de Direito Processual, a Defensoria do Povo da Col\u00f4mbia e a C\u00e1tedra de Cultura Jur\u00eddica da Universidade de Girona.<\/p>\n<p>Concluiu-se com uma solicita\u00e7\u00e3o ao Secretariado-Geral da COMJIB para que apresente uma proposta de \u201cPacto Regional sobre penas alternativas e proporcionais para delitos menores em mat\u00e9ria de drogas\u201d, com base na aplica\u00e7\u00e3o das normas e dos guias elaborados com o apoio do programa COPOLAD. Da mesma forma, os Minist\u00e9rios da Justi\u00e7a e entidades afins da COMJIB foram instados a cumprir as contribui\u00e7\u00f5es ordin\u00e1rias e extraordin\u00e1rias. No final das sess\u00f5es de trabalho, os participantes assinaram a Ata de Conclus\u00f5es desta reuni\u00e3o da Comiss\u00e3o Delegada.<\/p>\n<p>Clique no bot\u00e3o abaixo para ler a Ata das Conclus\u00f5es da Reuni\u00e3o da Comiss\u00e3o Delegada da COMJIB, na sua vers\u00e3o espanhola:<\/p>\n<p><a href=\"\/wp-content\/uploads\/2024\/07\/Acta-de-Conclusiones-PT.pdf\" target=\"_blank\" rel=\"noopener noreferrer\"><img loading=\"lazy\" decoding=\"async\" class=\"alignnone size-medium wp-image-4950\" src=\"https:\/\/comjib.org\/wp-content\/uploads\/2024\/07\/Boton-PT.pdf-300x85.jpg\" alt=\"\" width=\"300\" height=\"85\" srcset=\"https:\/\/comjib.org\/wp-content\/uploads\/2024\/07\/Boton-PT.pdf-300x85.jpg 300w, https:\/\/comjib.org\/wp-content\/uploads\/2024\/07\/Boton-PT.pdf-1024x289.jpg 1024w, https:\/\/comjib.org\/wp-content\/uploads\/2024\/07\/Boton-PT.pdf-768x217.jpg 768w, https:\/\/comjib.org\/wp-content\/uploads\/2024\/07\/Boton-PT.pdf.jpg 1179w\" sizes=\"(max-width: 300px) 100vw, 300px\" \/><\/a><\/p>\n","protected":false},"excerpt":{"rendered":"<p>Durante os dias 11 e 12 de julho de 2024, realizou-se em Havana, Cuba, a Reuni\u00e3o da Comiss\u00e3o Delegada da COMJIB. Esta reuni\u00e3o foi celebrada gra\u00e7as ao apoio do Minist\u00e9rio da Justi\u00e7a de Cuba, e reuniu quatro dos cinco pa\u00edses da Comiss\u00e3o Delegada da COMJIB (Argentina, Chile, Cuba e Paraguai), bem como dois das tr\u00eas [&hellip;]<\/p>\n","protected":false},"author":3,"featured_media":5884,"comment_status":"closed","ping_status":"closed","sticky":false,"template":"","format":"standard","meta":{"_et_pb_use_builder":"","_et_pb_old_content":"","_et_gb_content_width":"","footnotes":""},"categories":[116],"tags":[117],"class_list":["post-6218","post","type-post","status-publish","format-standard","has-post-thumbnail","hentry","category-noticias-pt-pt-pt","tag-noticias-pt-pt-pt"],"_links":{"self":[{"href":"https:\/\/comjib.org\/pt-pt\/wp-json\/wp\/v2\/posts\/6218","targetHints":{"allow":["GET"]}}],"collection":[{"href":"https:\/\/comjib.org\/pt-pt\/wp-json\/wp\/v2\/posts"}],"about":[{"href":"https:\/\/comjib.org\/pt-pt\/wp-json\/wp\/v2\/types\/post"}],"author":[{"embeddable":true,"href":"https:\/\/comjib.org\/pt-pt\/wp-json\/wp\/v2\/users\/3"}],"replies":[{"embeddable":true,"href":"https:\/\/comjib.org\/pt-pt\/wp-json\/wp\/v2\/comments?post=6218"}],"version-history":[{"count":4,"href":"https:\/\/comjib.org\/pt-pt\/wp-json\/wp\/v2\/posts\/6218\/revisions"}],"predecessor-version":[{"id":6223,"href":"https:\/\/comjib.org\/pt-pt\/wp-json\/wp\/v2\/posts\/6218\/revisions\/6223"}],"wp:featuredmedia":[{"embeddable":true,"href":"https:\/\/comjib.org\/pt-pt\/wp-json\/wp\/v2\/media\/5884"}],"wp:attachment":[{"href":"https:\/\/comjib.org\/pt-pt\/wp-json\/wp\/v2\/media?parent=6218"}],"wp:term":[{"taxonomy":"category","embeddable":true,"href":"https:\/\/comjib.org\/pt-pt\/wp-json\/wp\/v2\/categories?post=6218"},{"taxonomy":"post_tag","embeddable":true,"href":"https:\/\/comjib.org\/pt-pt\/wp-json\/wp\/v2\/tags?post=6218"}],"curies":[{"name":"wp","href":"https:\/\/api.w.org\/{rel}","templated":true}]}}