{"id":6211,"date":"2024-09-19T11:41:14","date_gmt":"2024-09-19T09:41:14","guid":{"rendered":"https:\/\/comjib.org\/comjib-para-a-america-central-colombia-e-paraguai\/"},"modified":"2024-12-20T13:31:11","modified_gmt":"2024-12-20T12:31:11","slug":"comjib-para-a-america-central-colombia-e-paraguai","status":"publish","type":"post","link":"https:\/\/comjib.org\/pt-pt\/comjib-para-a-america-central-colombia-e-paraguai\/","title":{"rendered":"A COMJIB na Am\u00e9rica Central, Col\u00f4mbia e Paraguai"},"content":{"rendered":"<p class=\"p1\">Durante os meses de julho e agosto, o Secret\u00e1rio-Geral da COMJIB, Enrique Gil Botero, realizou v\u00e1rias reuni\u00f5es de trabalho com as mais altas autoridades dos pa\u00edses da Am\u00e9rica Central: Costa Rica, El Salvador, Guatemala; e com as mais altas autoridades do Paraguai, Col\u00f4mbia e Cuba.<\/p>\n<p class=\"p1\">Em primeiro lugar, o Secret\u00e1rio iniciou o seu trabalho em San Jos\u00e9, na Costa Rica, onde manteve v\u00e1rias reuni\u00f5es com autoridades do Arquivo Notarial da Costa Rica, tendo-se tamb\u00e9m encontrado com Erika Madriz Chinchilla, Vice-Ministra da Justi\u00e7a e da Paz da Costa Rica, com quem discutiu a import\u00e2ncia da ades\u00e3o ao Tratado de Medell\u00edn e de fazer parte do mesmo, bem como da contribui\u00e7\u00e3o para a coopera\u00e7\u00e3o jur\u00eddica internacional.<\/p>\n<p class=\"p1\">Durante a sua visita \u00e0 Costa Rica, o nosso Secret\u00e1rio teve tamb\u00e9m reuni\u00f5es com funcion\u00e1rios da Ordem dos Advogados e Advogadas da Costa Rica e com funcion\u00e1rios do Corpo de Not\u00e1rios e Registos do pa\u00eds. Al\u00e9m disso, participou na Roda de Conversa: \u201cA tecnologia e a fun\u00e7\u00e3o notarial da seguran\u00e7a jur\u00eddica e da justi\u00e7a\u201d, organizado pelo Col\u00e9gio de Advogados y Advogadas de Costa Rica, no qual proferiu uma palestra sobre a COMJIB e a Rede Ibero-Americana de Coopera\u00e7\u00e3o Jur\u00eddica Internacional (IberRed), destacando a import\u00e2ncia da coopera\u00e7\u00e3o jur\u00eddica internacional e do Tratado de Medell\u00edn, um instrumento fundamental que, atrav\u00e9s de redes de coopera\u00e7\u00e3o internacional, promove e simplifica procedimentos, atenua diferen\u00e7as e melhora a governan\u00e7a.<\/p>\n<p class=\"p1\">Prosseguindo a agenda de trabalho da COMJIB, o nosso Secret\u00e1rio-Geral esteve no Paraguai, onde se reuniu com o Ministro da Justi\u00e7a, Rodrigo Nicora, e com o Vice-Ministro, Rafael Caballero, na sede do Minist\u00e9rio da Justi\u00e7a do Paraguai, para debater o Tratado de Medell\u00edn, a coopera\u00e7\u00e3o jur\u00eddica internacional e a seguran\u00e7a jur\u00eddica.<\/p>\n<p class=\"p1\">Durante a sua miss\u00e3o \u00e0 Am\u00e9rica Latina e Caribe, o Secret\u00e1rio participou na reuni\u00e3o da Comiss\u00e3o Delegada da COMJIB (Argentina, Chile, Paraguai, Espanha e Uruguai), que teve lugar em Havana, Cuba, nos dias 11 e 12 de julho. A reuni\u00e3o destacou a import\u00e2ncia da IberRed como espa\u00e7o de coopera\u00e7\u00e3o jur\u00eddica internacional em mat\u00e9ria civil e penal e salientou que o Tratado de Medell\u00edn \u00e9 um instrumento vanguardista de coopera\u00e7\u00e3o jur\u00eddica internacional. Participaram na reuni\u00e3o o Ministro da Justi\u00e7a de Cuba, Oscar Silvera Martinez, e a Vice-Ministra, Pilar Alicia Varona Estrada, o Secret\u00e1rio da Assembleia Nacional de Cuba, Homero Acosta, o Presidente da Comiss\u00e3o Permanente do Trabalho e Assuntos Constitucionais e Jur\u00eddicos, Jos\u00e9 L. Toledo, e a Diretora-Geral da Coopera\u00e7\u00e3o Jur\u00eddica Internacional do Minist\u00e9rio da Justi\u00e7a de Espanha, Eva P\u00e9rez, bem como outras personalidades da COMJIB e membros do Programa ELPAcCTO.<\/p>\n<p class=\"p1\">No prosseguimento do seu mandato, o Secret\u00e1rio-Geral deslocou-se \u00e0 Guatemala, onde manteve uma reuni\u00e3o de trabalho com Mario Jacobs, Diretor para a Guatemala do Banco Centro-Americano de Integra\u00e7\u00e3o Econ\u00f3mica (BCIE), bem como com Alfonso Cavall\u00e9, Delegado para as Am\u00e9ricas do Conselho Geral do Notariado Espanhol, para debater a colabora\u00e7\u00e3o com a plataforma iber@ em mat\u00e9ria de prote\u00e7\u00e3o de dados e ciberseguran\u00e7a. O Secret\u00e1rio tamb\u00e9m se reuniu com o Ministro do Interior da Guatemala, Francisco Jim\u00e9nez Irungaray, para discutir quest\u00f5es de coopera\u00e7\u00e3o jur\u00eddica internacional, o Tratado de Medell\u00edn e a participa\u00e7\u00e3o do Ministro no evento \u201cMedell\u00edn, Capital Mundial da Coopera\u00e7\u00e3o Jur\u00eddica Internacional\u201d, que ter\u00e1 lugar em novembro e comemora o 20\u00ba anivers\u00e1rio da IberRed. Por \u00faltimo, o Secret\u00e1rio teve uma reuni\u00e3o com a Diretora do Arquivo do Protocolo Geral da Guatemala, Karla Guevara.<\/p>\n<p class=\"p1\">Prosseguindo o seu itiner\u00e1rio, o Secret\u00e1rio-Geral deslocou-se a El Salvador para se encontrar com o Presidente do Supremo Tribunal de Justi\u00e7a de El Salvador, \u00d3scar Alberto L\u00f3pez Jerez, a fim de partilhar as agendas de trabalho para o ano de 2024 e debater a promo\u00e7\u00e3o do Tratado de Medell\u00edn e da IberRed, por ocasi\u00e3o do XX anivers\u00e1rio da IberRed.<\/p>\n<p class=\"p1\">Por \u00faltimo, o Secret\u00e1rio manteve numerosas reuni\u00f5es de trabalho com as mais altas autoridades da Col\u00f4mbia, para debater quest\u00f5es de coopera\u00e7\u00e3o jur\u00eddica internacional. A este respeito, reuniu-se com a Ministra da Justi\u00e7a e do Direito, \u00c1ngela Mar\u00eda Buitrago, e com o Superintendente dos Not\u00e1rios e dos Registos da Col\u00f4mbia, Roosvelt Rodr\u00edguez, para discutir a coorganiza\u00e7\u00e3o do evento: \u201cMedell\u00edn, Capital Mundial da Coopera\u00e7\u00e3o Jur\u00eddica Internacional\u201d, que se realizar\u00e1 em Medell\u00edn, Col\u00f4mbia, nos dias 18 e 19 de novembro deste ano, por ocasi\u00e3o do XX anivers\u00e1rio da IberRed, e reuniu-se em Medell\u00edn com o prefeito e as autoridades que coordenam este evento.<\/p>\n","protected":false},"excerpt":{"rendered":"<p>Durante os meses de julho e agosto, o Secret\u00e1rio-Geral da COMJIB, Enrique Gil Botero, realizou v\u00e1rias reuni\u00f5es de trabalho com as mais altas autoridades dos pa\u00edses da Am\u00e9rica Central: Costa Rica, El Salvador, Guatemala; e com as mais altas autoridades do Paraguai, Col\u00f4mbia e Cuba. Em primeiro lugar, o Secret\u00e1rio iniciou o seu trabalho em [&hellip;]<\/p>\n","protected":false},"author":3,"featured_media":5886,"comment_status":"closed","ping_status":"closed","sticky":false,"template":"","format":"standard","meta":{"_et_pb_use_builder":"","_et_pb_old_content":"","_et_gb_content_width":"","footnotes":""},"categories":[116],"tags":[117],"class_list":["post-6211","post","type-post","status-publish","format-standard","has-post-thumbnail","hentry","category-noticias-pt-pt-pt","tag-noticias-pt-pt-pt"],"_links":{"self":[{"href":"https:\/\/comjib.org\/pt-pt\/wp-json\/wp\/v2\/posts\/6211","targetHints":{"allow":["GET"]}}],"collection":[{"href":"https:\/\/comjib.org\/pt-pt\/wp-json\/wp\/v2\/posts"}],"about":[{"href":"https:\/\/comjib.org\/pt-pt\/wp-json\/wp\/v2\/types\/post"}],"author":[{"embeddable":true,"href":"https:\/\/comjib.org\/pt-pt\/wp-json\/wp\/v2\/users\/3"}],"replies":[{"embeddable":true,"href":"https:\/\/comjib.org\/pt-pt\/wp-json\/wp\/v2\/comments?post=6211"}],"version-history":[{"count":2,"href":"https:\/\/comjib.org\/pt-pt\/wp-json\/wp\/v2\/posts\/6211\/revisions"}],"predecessor-version":[{"id":6214,"href":"https:\/\/comjib.org\/pt-pt\/wp-json\/wp\/v2\/posts\/6211\/revisions\/6214"}],"wp:featuredmedia":[{"embeddable":true,"href":"https:\/\/comjib.org\/pt-pt\/wp-json\/wp\/v2\/media\/5886"}],"wp:attachment":[{"href":"https:\/\/comjib.org\/pt-pt\/wp-json\/wp\/v2\/media?parent=6211"}],"wp:term":[{"taxonomy":"category","embeddable":true,"href":"https:\/\/comjib.org\/pt-pt\/wp-json\/wp\/v2\/categories?post=6211"},{"taxonomy":"post_tag","embeddable":true,"href":"https:\/\/comjib.org\/pt-pt\/wp-json\/wp\/v2\/tags?post=6211"}],"curies":[{"name":"wp","href":"https:\/\/api.w.org\/{rel}","templated":true}]}}